{"id":442,"date":"2008-11-23T15:37:19","date_gmt":"2008-11-23T15:37:19","guid":{"rendered":"http:\/\/www.mininous.fr\/?p=442"},"modified":"2008-11-23T15:37:19","modified_gmt":"2008-11-23T15:37:19","slug":"electron-libre","status":"publish","type":"post","link":"https:\/\/www.mininous.fr\/?p=442","title":{"rendered":"Electron libre!"},"content":{"rendered":"<p><img loading=\"lazy\" src=\"http:\/\/www.mininous.fr\/wp-content\/media\/imgp1480.jpg\" alt=\"imgp1480.jpg\" height=\"376\" width=\"500\" \/><!--more-->Pour la Sainte \u00c9lisabeth je voulais faire un article car c&rsquo;\u00e9tait sa premi\u00e8re f\u00eate. \u00c7a se f\u00eate! Et c&rsquo;est aussi \u00ab\u00a0l&rsquo;avantage\u00a0\u00bb d&rsquo;avoir choisi un pr\u00e9nom qui fait partie de l&rsquo;\u00e9ph\u00e9m\u00e9ride: \u00e7a fait plaisir d&rsquo;entendre et de lire ce pr\u00e9nom!<\/p>\n<p>Mais finalement, pas d&rsquo;article le 17 novembre, les jours passent et la miss n&rsquo;arr\u00eate pas de changer.<\/p>\n<p>Il fallait donc mentionner les nouveaut\u00e9s dont nous avons \u00e9t\u00e9 les t\u00e9moins ces derniers jours:<\/p>\n<p>vendredi 14 novembre: j&rsquo;ai d\u00e9couvert avec \u00e9tonnement une 3\u00e8me dent sortie non pas en haut comme je le guettais mais en bas, \u00e0 c\u00f4t\u00e9 des 2 d\u00e9j\u00e0 sorties!<\/p>\n<p>vendredi 21: nouvelle et donc 4\u00e8me dent, cette fois en haut mais pas au milieu soit 4\u00e8me incisive!<\/p>\n<p>Niveau \u00e9quilibre et motricit\u00e9: elle tient bien assise (enfin on est jamais \u00e0 l&rsquo;abri d&rsquo;un basculement soudain!). On essaye de pr\u00e9voir un coussin derri\u00e8re elle.<\/p>\n<p>Elle se d\u00e9place en roulant et \u00e7a aussi \u00e7a fait bizarre car on ne maitrise plus la taille de son \u00ab\u00a0espace vital\u00a0\u00bb, gare aux meubles et autres obstacles. M\u00eame le carrelage c&rsquo;est quand m\u00eame moins confortable que l&rsquo;ami tapis d&rsquo;\u00e9veil mais elle s&rsquo;en fiche: elle va au gr\u00e9 de ses roulades!<\/p>\n<p>Je dis donc DANGER car m\u00eame en la transportant de sa serviette au bain ou le contraire, c&rsquo;est une vraie savonnette qui peut nous \u00e9chapper \u00e0 tout instant.<\/p>\n<p>C\u00f4t\u00e9 nourriture on progresse: elle a m\u00eame aval\u00e9 ses 150 grammes de l\u00e9gumes sans sourciller plusieurs fois (mais pas syst\u00e9matiquement sinon \u00e7a serait trop facile pour les parents d\u00e9butants que nous sommes!)<\/p>\n<p>Elle s&rsquo;exprime aussi plus distinctement, parmi les syllabes prononc\u00e9es on entend m\u00eame les premiers \u00ab\u00a0papa\u00a0\u00bb et \u00ab\u00a0mama\u00a0\u00bb! \ud83d\ude42<\/p>\n<p><a href=\"http:\/\/www.mininous.fr\/wp-content\/media\/imgp1486.jpg\" title=\"imgp1486.jpg\"><img src=\"http:\/\/www.mininous.fr\/wp-content\/media\/imgp1486.thumbnail.jpg\" alt=\"imgp1486.jpg\" \/><\/a><a href=\"http:\/\/www.mininous.fr\/wp-content\/media\/imgp1485.jpg\" title=\"imgp1485.jpg\"><img src=\"http:\/\/www.mininous.fr\/wp-content\/media\/imgp1485.thumbnail.jpg\" alt=\"imgp1485.jpg\" \/><\/a><\/p>\n","protected":false},"excerpt":{"rendered":"","protected":false},"author":2,"featured_media":0,"comment_status":"open","ping_status":"open","sticky":false,"template":"","format":"standard","meta":[],"categories":[13],"tags":[7,10],"_links":{"self":[{"href":"https:\/\/www.mininous.fr\/index.php?rest_route=\/wp\/v2\/posts\/442"}],"collection":[{"href":"https:\/\/www.mininous.fr\/index.php?rest_route=\/wp\/v2\/posts"}],"about":[{"href":"https:\/\/www.mininous.fr\/index.php?rest_route=\/wp\/v2\/types\/post"}],"author":[{"embeddable":true,"href":"https:\/\/www.mininous.fr\/index.php?rest_route=\/wp\/v2\/users\/2"}],"replies":[{"embeddable":true,"href":"https:\/\/www.mininous.fr\/index.php?rest_route=%2Fwp%2Fv2%2Fcomments&post=442"}],"version-history":[{"count":0,"href":"https:\/\/www.mininous.fr\/index.php?rest_route=\/wp\/v2\/posts\/442\/revisions"}],"wp:attachment":[{"href":"https:\/\/www.mininous.fr\/index.php?rest_route=%2Fwp%2Fv2%2Fmedia&parent=442"}],"wp:term":[{"taxonomy":"category","embeddable":true,"href":"https:\/\/www.mininous.fr\/index.php?rest_route=%2Fwp%2Fv2%2Fcategories&post=442"},{"taxonomy":"post_tag","embeddable":true,"href":"https:\/\/www.mininous.fr\/index.php?rest_route=%2Fwp%2Fv2%2Ftags&post=442"}],"curies":[{"name":"wp","href":"https:\/\/api.w.org\/{rel}","templated":true}]}}