{"id":445,"date":"2008-11-30T13:58:33","date_gmt":"2008-11-30T13:58:33","guid":{"rendered":"http:\/\/www.mininous.fr\/?p=445"},"modified":"2008-11-30T15:12:17","modified_gmt":"2008-11-30T15:12:17","slug":"cest-la-fete-a-la-grenouille","status":"publish","type":"post","link":"https:\/\/www.mininous.fr\/?p=445","title":{"rendered":"C&rsquo;est la f\u00eate \u00e0 la grenouille"},"content":{"rendered":"<p><a href=\"http:\/\/www.mininous.fr\/wp-content\/media\/imgp1487.jpg\" title=\"imgp1487.jpg\"><img loading=\"lazy\" src=\"http:\/\/www.mininous.fr\/wp-content\/media\/imgp1487.jpg\" alt=\"imgp1487.jpg\" height=\"713\" width=\"536\" \/><\/a><\/p>\n<p>Pour la premi\u00e8re fois ce week-end, nous avons pass\u00e9 un stade en ce qui concerne le bain. Maintenant, c&rsquo;est assise qu&rsquo;\u00c9lisabeth fait ses ablutions! <!--more--><\/p>\n<p>Gr\u00e2ce aux bonnes affaires d&rsquo;Alex sur le fameux site \u00ab\u00a0the good place\u00a0\u00bb, \u00c9lisabeth a maintenant un \u00ab\u00a0anneau de bain\u00a0\u00bb. Franchement, elle a trop appr\u00e9ci\u00e9 de pouvoir jouer assise sans que nous la tenions. C&rsquo;\u00e9tait d\u00e9j\u00e0 un tr\u00e8s bon moment avant, le bain ne lui ayant jamais pos\u00e9 de probl\u00e8me. Mais l\u00e0, depuis qu&rsquo;elle se tient assise, la vie est vraiment plus sympa et elle peut jouer en toute s\u00e9curit\u00e9.<\/p>\n<p>Bon, il y a 2 freins tout de m\u00eame \u00e0 cela: d\u00e9j\u00e0, on ne pourra prendre le bain longtemps ainsi tous les jours. De plus, la consommation d&rsquo;eau n&rsquo;est pas la m\u00eame que dans la petite baignoire.<\/p>\n<p>N&#8217;emp\u00eache que, comme le montre la vid\u00e9o, elle s&rsquo;est \u00e9clat\u00e9e:<\/p>\n<p>[google 2389338502021020617 nolink]<\/p>\n<p>En plus, elle a d\u00e9couvert un nouveau jouet: la grenouille qui nage toute seule. Personnellement, j&rsquo;adore ces jouets. Elle n&rsquo;a rien trouv\u00e9 d&rsquo;autre que de lui mordiller les cuisses.<\/p>\n<p><a href=\"http:\/\/www.mininous.fr\/wp-content\/media\/imgp1497.jpg\" title=\"imgp1497.jpg\"><img src=\"http:\/\/www.mininous.fr\/wp-content\/media\/imgp1497.thumbnail.jpg\" alt=\"imgp1497.jpg\" \/><\/a><\/p>\n<p><a href=\"http:\/\/www.mininous.fr\/wp-content\/media\/imgp1501.jpg\" title=\"imgp1501.jpg\"><img src=\"http:\/\/www.mininous.fr\/wp-content\/media\/imgp1501.thumbnail.jpg\" alt=\"imgp1501.jpg\" \/><\/a><\/p>\n<p>C&rsquo;\u00e9tait d&rsquo;autant plus la f\u00eate \u00e0 la grenouille que les conditions climatiques du moment ne sont pas favorables. Je pense que c&rsquo;est le cas dans toute la France! Nous, on a eu beaucoup de vent, des litres d&rsquo;eau et un peu de gr\u00eale au r\u00e9veil. Super programme!<\/p>\n<p>ps. de derni\u00e8re minute: 5\u00e8me dent! incisive haut, milieu, \u00e0 c\u00f4t\u00e9 de l&rsquo;autre.<\/p>\n","protected":false},"excerpt":{"rendered":"<p>Pour la premi\u00e8re fois ce week-end, nous avons pass\u00e9 un stade en ce qui concerne le bain. Maintenant, c&rsquo;est assise qu&rsquo;\u00c9lisabeth fait ses ablutions!<\/p>\n","protected":false},"author":1,"featured_media":0,"comment_status":"open","ping_status":"open","sticky":false,"template":"","format":"standard","meta":[],"categories":[13],"tags":[11,7,10,17],"_links":{"self":[{"href":"https:\/\/www.mininous.fr\/index.php?rest_route=\/wp\/v2\/posts\/445"}],"collection":[{"href":"https:\/\/www.mininous.fr\/index.php?rest_route=\/wp\/v2\/posts"}],"about":[{"href":"https:\/\/www.mininous.fr\/index.php?rest_route=\/wp\/v2\/types\/post"}],"author":[{"embeddable":true,"href":"https:\/\/www.mininous.fr\/index.php?rest_route=\/wp\/v2\/users\/1"}],"replies":[{"embeddable":true,"href":"https:\/\/www.mininous.fr\/index.php?rest_route=%2Fwp%2Fv2%2Fcomments&post=445"}],"version-history":[{"count":0,"href":"https:\/\/www.mininous.fr\/index.php?rest_route=\/wp\/v2\/posts\/445\/revisions"}],"wp:attachment":[{"href":"https:\/\/www.mininous.fr\/index.php?rest_route=%2Fwp%2Fv2%2Fmedia&parent=445"}],"wp:term":[{"taxonomy":"category","embeddable":true,"href":"https:\/\/www.mininous.fr\/index.php?rest_route=%2Fwp%2Fv2%2Fcategories&post=445"},{"taxonomy":"post_tag","embeddable":true,"href":"https:\/\/www.mininous.fr\/index.php?rest_route=%2Fwp%2Fv2%2Ftags&post=445"}],"curies":[{"name":"wp","href":"https:\/\/api.w.org\/{rel}","templated":true}]}}