{"id":45,"date":"2008-03-08T22:16:54","date_gmt":"2008-03-08T22:16:54","guid":{"rendered":"http:\/\/www.mininous.fr\/?p=45"},"modified":"2008-04-16T19:53:02","modified_gmt":"2008-04-16T19:53:02","slug":"mateo-petit-quebecois","status":"publish","type":"post","link":"https:\/\/www.mininous.fr\/?p=45","title":{"rendered":"Matteo, petit quebecois"},"content":{"rendered":"<p>Matteo est annonc\u00e9 pour le mois d&rsquo;avril, \u00e0 Laval, proche banlieue de Montr\u00e9al. Ce sera le fils de Rudy et  Shirley, amis du Qu\u00e9bec. Voici un petit photo de shirley enceinte, puisque la grossesse a lieu \u00e0 peu pr\u00eat en m\u00eame temps qu&rsquo;Alex:<\/p>\n<p><a href=\"http:\/\/www.mininous.fr\/wp-content\/media\/4.jpg\" title=\"Shirley\"><img src=\"http:\/\/www.mininous.fr\/wp-content\/media\/4.thumbnail.jpg\" alt=\"Shirley\" border=\"0\" \/><\/a><\/p>\n<p>Rudy a \u00e9t\u00e9 pendant plusieurs mois mon coll\u00e8gue de travail \u00e0 Montr\u00e9al. Nous avons partag\u00e9 de tr\u00e8s bons moments l\u00e0 bas. Alex a aussi fait leur connaissance \u00e0 plusieurs reprises. Ils sont ensuite venu en France 15 jours en 2006. Nous leur avons fait visiter Paris, puis Bordeaux et enfin, nous avons d\u00e9couvert ensemble Barcelone. En esp\u00e9rant qu&rsquo;Elisabeth et Matteo se rencontrent un jour<\/p>\n","protected":false},"excerpt":{"rendered":"<p>Matteo est annonc\u00e9 pour le mois d&rsquo;avril, \u00e0 Laval, proche banlieue de Montr\u00e9al. Ce sera le fils de Rudy et Shirley, amis du Qu\u00e9bec. Voici un petit photo de shirley enceinte, puisque la grossesse a lieu \u00e0 peu pr\u00eat en m\u00eame temps qu&rsquo;Alex: Rudy a \u00e9t\u00e9 pendant plusieurs mois mon coll\u00e8gue de travail \u00e0 Montr\u00e9al. [&hellip;]<\/p>\n","protected":false},"author":1,"featured_media":0,"comment_status":"open","ping_status":"open","sticky":false,"template":"","format":"standard","meta":[],"categories":[3],"tags":[6],"_links":{"self":[{"href":"https:\/\/www.mininous.fr\/index.php?rest_route=\/wp\/v2\/posts\/45"}],"collection":[{"href":"https:\/\/www.mininous.fr\/index.php?rest_route=\/wp\/v2\/posts"}],"about":[{"href":"https:\/\/www.mininous.fr\/index.php?rest_route=\/wp\/v2\/types\/post"}],"author":[{"embeddable":true,"href":"https:\/\/www.mininous.fr\/index.php?rest_route=\/wp\/v2\/users\/1"}],"replies":[{"embeddable":true,"href":"https:\/\/www.mininous.fr\/index.php?rest_route=%2Fwp%2Fv2%2Fcomments&post=45"}],"version-history":[{"count":0,"href":"https:\/\/www.mininous.fr\/index.php?rest_route=\/wp\/v2\/posts\/45\/revisions"}],"wp:attachment":[{"href":"https:\/\/www.mininous.fr\/index.php?rest_route=%2Fwp%2Fv2%2Fmedia&parent=45"}],"wp:term":[{"taxonomy":"category","embeddable":true,"href":"https:\/\/www.mininous.fr\/index.php?rest_route=%2Fwp%2Fv2%2Fcategories&post=45"},{"taxonomy":"post_tag","embeddable":true,"href":"https:\/\/www.mininous.fr\/index.php?rest_route=%2Fwp%2Fv2%2Ftags&post=45"}],"curies":[{"name":"wp","href":"https:\/\/api.w.org\/{rel}","templated":true}]}}