{"id":525,"date":"2009-02-13T09:04:33","date_gmt":"2009-02-13T09:04:33","guid":{"rendered":"http:\/\/www.mininous.fr\/?p=525"},"modified":"2009-02-13T20:49:53","modified_gmt":"2009-02-13T20:49:53","slug":"1-an-de-blog-mininous","status":"publish","type":"post","link":"https:\/\/www.mininous.fr\/?p=525","title":{"rendered":"1 an de blog mininous"},"content":{"rendered":"<p>Voil\u00e0, en ce jour d&rsquo;anniversaire d&rsquo;Elisabeth (11 mois), nous f\u00eatons les 1 an de ce blog. Ce n&rsquo;est m\u00eame pas fait expr\u00e8s!<!--more--><\/p>\n<p>Tout a commenc\u00e9 avant sa naissance. Lecteur de nombreux blogs sur des sujets vari\u00e9s (Web, technologie, moto et des conneries en tout genre&#8230;) j&rsquo;ai choisi ce support pour de nombreuses raisons. La principale \u00e9tant d&rsquo;essayer de tenir un journal sur Elisabeth. D\u00e9j\u00e0, pendant la grossesse, j&rsquo;avais envie de tout noter dans un calendrier. Alors, je ne vais pas argumenter sur toutes les raisons, mais je consid\u00e8re toujours cet outil g\u00e9nial et parfaitement adapt\u00e9 \u00e0 mon sujet:\u00a0 suivre l&rsquo;\u00e9volution d&rsquo;un enfant et celle des parents quelque part, plus quelques notes sur le monde qui nous entoure.<\/p>\n<p>Je ne vais pas faire un bilan des articles, commentaires, photos \/ vid\u00e9os. Seulement dire merci \u00e0 tout ceux qui lisent ou commentent. On le fait surtout pour 2 raisons: partager avec nos proches, g\u00e9ographiquement \u00e9loign\u00e9s. L&rsquo;autre, c&rsquo;est pour Elisabeth.<\/p>\n<p>Pour cette nouvelle ann\u00e9e, il y aura quelques \u00e9v\u00e8nements, comme les 1 an d&rsquo;Elisabeth, pour lequel, je pense \u00e0 un bandeau sp\u00e9cial, comme pour No\u00ebl et d&rsquo;autres surprises. Il n&rsquo;y aura pas de refonte compl\u00e8te du site, enfin, ce n&rsquo;est pas pr\u00e9vu.<\/p>\n<p>Enfin,\u00a0 petit rappel de facturation avec le renouvellement du nom de domaine 14.35\u20ac pour 1 an, c&rsquo;est pas la ruine pour un tel outil.<\/p>\n<p>En ce 13 f\u00e9vrier, un hyper mega super bon anniversaire \u00e0 <a href=\"http:\/\/www.caitlin.fr\/\">Caitlin<\/a>!!!! 1 an d\u00e9j\u00e0.<\/p>\n<p>Le mois prochain, c&rsquo;est Elisabeth, car elles <a href=\"http:\/\/www.mininous.fr\/?p=5\">se suivront toujours<\/a>!<\/p>\n","protected":false},"excerpt":{"rendered":"<p>Voil\u00e0, en ce jour d&rsquo;anniversaire d&rsquo;Elisabeth (11 mois), nous f\u00eatons les 1 an de ce blog. Ce n&rsquo;est m\u00eame pas fait expr\u00e8s!<\/p>\n","protected":false},"author":1,"featured_media":0,"comment_status":"open","ping_status":"open","sticky":false,"template":"","format":"standard","meta":[],"categories":[29],"tags":[],"_links":{"self":[{"href":"https:\/\/www.mininous.fr\/index.php?rest_route=\/wp\/v2\/posts\/525"}],"collection":[{"href":"https:\/\/www.mininous.fr\/index.php?rest_route=\/wp\/v2\/posts"}],"about":[{"href":"https:\/\/www.mininous.fr\/index.php?rest_route=\/wp\/v2\/types\/post"}],"author":[{"embeddable":true,"href":"https:\/\/www.mininous.fr\/index.php?rest_route=\/wp\/v2\/users\/1"}],"replies":[{"embeddable":true,"href":"https:\/\/www.mininous.fr\/index.php?rest_route=%2Fwp%2Fv2%2Fcomments&post=525"}],"version-history":[{"count":0,"href":"https:\/\/www.mininous.fr\/index.php?rest_route=\/wp\/v2\/posts\/525\/revisions"}],"wp:attachment":[{"href":"https:\/\/www.mininous.fr\/index.php?rest_route=%2Fwp%2Fv2%2Fmedia&parent=525"}],"wp:term":[{"taxonomy":"category","embeddable":true,"href":"https:\/\/www.mininous.fr\/index.php?rest_route=%2Fwp%2Fv2%2Fcategories&post=525"},{"taxonomy":"post_tag","embeddable":true,"href":"https:\/\/www.mininous.fr\/index.php?rest_route=%2Fwp%2Fv2%2Ftags&post=525"}],"curies":[{"name":"wp","href":"https:\/\/api.w.org\/{rel}","templated":true}]}}