{"id":560,"date":"2009-03-12T20:09:15","date_gmt":"2009-03-12T20:09:15","guid":{"rendered":"http:\/\/www.mininous.fr\/?p=560"},"modified":"2009-03-12T20:13:09","modified_gmt":"2009-03-12T20:13:09","slug":"anniversaire-chez-papi-et-mamie","status":"publish","type":"post","link":"https:\/\/www.mininous.fr\/?p=560","title":{"rendered":"Anniversaire chez Papi et Mamie"},"content":{"rendered":"<p>Dimanche 8 mars, nous avons f\u00eat\u00e9 un peu en avance son anniversaire mais aussi celui de son papi un peu en retard (4 Mars).<\/p>\n<p><a href=\"http:\/\/www.mininous.fr\/wp-content\/media\/imgp20831.jpg\" title=\"imgp20831.jpg\"><img loading=\"lazy\" src=\"http:\/\/www.mininous.fr\/wp-content\/media\/imgp20831.jpg\" alt=\"imgp20831.jpg\" height=\"586\" width=\"444\" \/><\/a><\/p>\n<p><a href=\"http:\/\/www.mininous.fr\/wp-content\/media\/imgp20831.jpg\" title=\"imgp20831.jpg\"><!--more--><\/a><\/p>\n<p>Comme vous pouvez le voir, elle est bien soign\u00e9e puisqu&rsquo;\u00e0 d\u00e9j\u00e0 1 an, elle a un g\u00e2teau de chez Antoine (un des meilleurs p\u00e2tissiers de Bordeaux). Bon, elle ne l&rsquo;a pas mang\u00e9, mais a pu y go\u00fbter!<\/p>\n<p>Avant cela, nous sommes arriv\u00e9s pour retrouver son cousin Mabwa, plus motiv\u00e9 que jamais \u00e0 lui donner \u00e0 manger. Franchement, il l&rsquo;a fait jusqu&rsquo;au bout, et cela n&rsquo;a pas d\u00e9rang\u00e9 Elisabeth. Depuis qu&rsquo;il a 4 ans il nous montre qu&rsquo;il sait faire des choses comme un grand!<\/p>\n<p><a href=\"http:\/\/www.mininous.fr\/wp-content\/media\/imgp20691.jpg\" title=\"imgp20691.jpg\"><img src=\"http:\/\/www.mininous.fr\/wp-content\/media\/imgp20691.thumbnail.jpg\" alt=\"imgp20691.jpg\" \/><\/a><\/p>\n<p><a href=\"http:\/\/www.mininous.fr\/wp-content\/media\/imgp21051.jpg\" title=\"imgp21051.jpg\"><img src=\"http:\/\/www.mininous.fr\/wp-content\/media\/imgp21051.thumbnail.jpg\" alt=\"imgp21051.jpg\" \/><\/a><\/p>\n<p>Ensuite, nous sommes pass\u00e9s \u00e0 l&rsquo;ouverture de cadeaux. Elle a \u00e9t\u00e9 bien g\u00e2t\u00e9e,\u00a0 v\u00eatements, une premi\u00e8re poup\u00e9e et autre jouet&#8230;.<\/p>\n<p><a href=\"http:\/\/www.mininous.fr\/wp-content\/media\/imgp20901.jpg\" title=\"imgp20901.jpg\"><img src=\"http:\/\/www.mininous.fr\/wp-content\/media\/imgp20901.thumbnail.jpg\" alt=\"imgp20901.jpg\" \/><\/a><\/p>\n<p>Enfin, apr\u00e8s une bonne sieste, \u00a0 elle a pu faire des d\u00e9monstrations de sa d\u00e9marche de plus en plus assur\u00e9e.<\/p>\n<p><a href=\"http:\/\/www.mininous.fr\/wp-content\/media\/imgp21091.jpg\" title=\"imgp21091.jpg\"><img src=\"http:\/\/www.mininous.fr\/wp-content\/media\/imgp21091.thumbnail.jpg\" alt=\"imgp21091.jpg\" \/><\/a><\/p>\n<p>A suivre, vendredi soir, \u00e0 la maison, avec papa, maman et Cali, comme sur le bandeau de la page d&rsquo;accueil!<\/p>\n","protected":false},"excerpt":{"rendered":"<p>Dimanche 8 mars, nous avons f\u00eat\u00e9 un peu en avance son anniversaire mais aussi celui de son papi un peu en retard (4 Mars).<\/p>\n","protected":false},"author":1,"featured_media":0,"comment_status":"open","ping_status":"open","sticky":false,"template":"","format":"standard","meta":[],"categories":[13],"tags":[30,7,25],"_links":{"self":[{"href":"https:\/\/www.mininous.fr\/index.php?rest_route=\/wp\/v2\/posts\/560"}],"collection":[{"href":"https:\/\/www.mininous.fr\/index.php?rest_route=\/wp\/v2\/posts"}],"about":[{"href":"https:\/\/www.mininous.fr\/index.php?rest_route=\/wp\/v2\/types\/post"}],"author":[{"embeddable":true,"href":"https:\/\/www.mininous.fr\/index.php?rest_route=\/wp\/v2\/users\/1"}],"replies":[{"embeddable":true,"href":"https:\/\/www.mininous.fr\/index.php?rest_route=%2Fwp%2Fv2%2Fcomments&post=560"}],"version-history":[{"count":0,"href":"https:\/\/www.mininous.fr\/index.php?rest_route=\/wp\/v2\/posts\/560\/revisions"}],"wp:attachment":[{"href":"https:\/\/www.mininous.fr\/index.php?rest_route=%2Fwp%2Fv2%2Fmedia&parent=560"}],"wp:term":[{"taxonomy":"category","embeddable":true,"href":"https:\/\/www.mininous.fr\/index.php?rest_route=%2Fwp%2Fv2%2Fcategories&post=560"},{"taxonomy":"post_tag","embeddable":true,"href":"https:\/\/www.mininous.fr\/index.php?rest_route=%2Fwp%2Fv2%2Ftags&post=560"}],"curies":[{"name":"wp","href":"https:\/\/api.w.org\/{rel}","templated":true}]}}