{"id":571,"date":"2009-03-14T21:14:25","date_gmt":"2009-03-14T21:14:25","guid":{"rendered":"http:\/\/www.mininous.fr\/?p=571"},"modified":"2009-03-14T21:24:41","modified_gmt":"2009-03-14T21:24:41","slug":"1-an-le-vendredi-13","status":"publish","type":"post","link":"https:\/\/www.mininous.fr\/?p=571","title":{"rendered":"1 an le vendredi 13"},"content":{"rendered":"<p><a href=\"http:\/\/www.mininous.fr\/wp-content\/media\/imgp2166.jpg\" title=\"imgp2166.jpg\"> <\/a><\/p>\n<p><a href=\"http:\/\/www.mininous.fr\/wp-content\/media\/imgp2166.jpg\" title=\"imgp2166.jpg\"><img loading=\"lazy\" src=\"http:\/\/www.mininous.fr\/wp-content\/media\/imgp2166.jpg\" alt=\"imgp2166.jpg\" height=\"274\" width=\"499\" \/><\/a><\/p>\n<p>Apr\u00e8s une journ\u00e9e de travail, nous sommes tous les deux rentr\u00e9es le plus vite possible, histoire d&rsquo;aller chercher Elisabeth chez sa nounou pour son premier anniversaire. En effet, nous avions pr\u00e9vu un petit moment plac\u00e9 sous le signe de la f\u00eate&#8230;<!--more--><\/p>\n<p>On avait imagin\u00e9 ouvrir les cadeaux dans sa chambre avec quelques cotillons. Le bilan de l&rsquo;op\u00e9ration est assez mitig\u00e9. Bon, il faut dire qu&rsquo;\u00e0 1 an, on reste un petit b\u00e9b\u00e9. On lui en a peut \u00eatre demand\u00e9 beaucoup, tellement nous \u00e9tions impatient et heureux de f\u00eater son anniversaire.<\/p>\n<p>Pour vous expliquer, premier probl\u00e8me: le chapeau pointu. Une catastrophe, elle a eu peur et ni sur elle, ni sur nous, le chapeau ne devait \u00eatre pr\u00e9sent. En second: la langue de belle-m\u00e8re (sans-g\u00eane), pas mieux, c&rsquo;est dr\u00f4le une ou deux fois. Apr\u00e8s, elle pleure, on a r\u00e9essay\u00e9 une fois qu&rsquo;elle se calmait et m\u00eame r\u00e9sultat: on devait ressembler \u00e0 de m\u00e9chants clowns \u00e0 vue de b\u00e9b\u00e9!<\/p>\n<p><a href=\"http:\/\/www.mininous.fr\/wp-content\/media\/imgp2116.jpg\" title=\"imgp2116.jpg\"><img src=\"http:\/\/www.mininous.fr\/wp-content\/media\/imgp2116.thumbnail.jpg\" alt=\"imgp2116.jpg\" \/><\/a><\/p>\n<p><a href=\"http:\/\/www.mininous.fr\/wp-content\/media\/imgp2119.jpg\" title=\"imgp2119.jpg\"><img src=\"http:\/\/www.mininous.fr\/wp-content\/media\/imgp2119.thumbnail.jpg\" alt=\"imgp2119.jpg\" \/><\/a><\/p>\n<p>Bon heureusement, les cadeaux sont d&rsquo;abord fait d&#8217;emballage. Un truc plus adapt\u00e9 \u00e0 son age. Des n\u0153uds et du papier \u00e0 froisser, c&rsquo;est tout de suite plus dr\u00f4le.<\/p>\n<p><a href=\"http:\/\/www.mininous.fr\/wp-content\/media\/imgp2120.jpg\" title=\"imgp2120.jpg\"><img src=\"http:\/\/www.mininous.fr\/wp-content\/media\/imgp2120.thumbnail.jpg\" alt=\"imgp2120.jpg\" \/><\/a><\/p>\n<p>Enfin, il y a les jouets. Il y a de bonnes heures d&rsquo;amusement en perspective.<\/p>\n<p><a href=\"http:\/\/www.mininous.fr\/wp-content\/media\/imgp2122.jpg\" title=\"imgp2122.jpg\"><img src=\"http:\/\/www.mininous.fr\/wp-content\/media\/imgp2122.thumbnail.jpg\" alt=\"imgp2122.jpg\" \/><\/a><\/p>\n<p><a href=\"http:\/\/www.mininous.fr\/wp-content\/media\/imgp2125.jpg\" title=\"imgp2125.jpg\"><img src=\"http:\/\/www.mininous.fr\/wp-content\/media\/imgp2125.thumbnail.jpg\" alt=\"imgp2125.jpg\" \/><\/a><\/p>\n<p>Tout cela s&rsquo;est finit par un bon bain r\u00e9parateur, un bibi et au lit.<\/p>\n<p>Maintenant, les parents. Bien d\u00e9termin\u00e9s \u00e0 marquer symboliquement cette date, il y a eu champagne et petits g\u00e2teaux en son honneur. Comme nous \u00e9tions fatigu\u00e9s,\u00a0 la soir\u00e9e a \u00e9t\u00e9 assez courte, d&rsquo;autant que le champagne, \u00e7a cogne un minimum (N&rsquo;est-ce pas Alex?). Pas de gueule de bois, car ce matin, petit cadeau maison, il fallait se rendre chez le p\u00e9diatre pour un vaccin.<\/p>\n<p><a href=\"http:\/\/www.mininous.fr\/wp-content\/media\/imgp2143.jpg\" title=\"imgp2143.jpg\"><img src=\"http:\/\/www.mininous.fr\/wp-content\/media\/imgp2143.thumbnail.jpg\" alt=\"imgp2143.jpg\" \/><\/a><\/p>\n<p>Du coup, \u00e0 9H30, nous avons eu les nouvelles mensurations d&rsquo;Elisabeth. 9,7 kg pour 74,5 cm.<\/p>\n<p>Et apr\u00e8s le p\u00e9diatre, re-cadeaux car nous avons re\u00e7u un \u00ab\u00a0panier garni\u00a0\u00bb de Virginie avec d\u00e9dicace de Sam qui a \u00e9crit \u00ab\u00a01 an\u00a0\u00bb de sa mimine sur la jolie carte d&rsquo;anniversaire (assortie \u00e0 son t-shirt de ce samedi svp!)<\/p>\n<p><a href=\"http:\/\/www.mininous.fr\/wp-content\/media\/imgp2147.jpg\" title=\"imgp2147.jpg\"><img src=\"http:\/\/www.mininous.fr\/wp-content\/media\/imgp2147.thumbnail.jpg\" alt=\"imgp2147.jpg\" \/><\/a> Comme on peut le voir il y avait pleins de cadeaux bien sympas dont des petits chaussons confortables qui ne se laissent pas retirer aussi facilement que les chaussettes. Bien pratiques et bien mignons.<\/p>\n<p><a href=\"http:\/\/www.mininous.fr\/wp-content\/media\/imgp2148.jpg\" title=\"imgp2148.jpg\"><img src=\"http:\/\/www.mininous.fr\/wp-content\/media\/imgp2148.thumbnail.jpg\" alt=\"imgp2148.jpg\" \/><\/a>\u00a0 Un samedi avec ses parents + \u00eatre debout c&rsquo;est bien sympa!<\/p>\n<p><a href=\"http:\/\/www.mininous.fr\/wp-content\/media\/imgp2154.jpg\" title=\"imgp2154.jpg\"><img src=\"http:\/\/www.mininous.fr\/wp-content\/media\/imgp2154.thumbnail.jpg\" alt=\"imgp2154.jpg\" \/><\/a><a href=\"http:\/\/www.mininous.fr\/wp-content\/media\/imgp2158.jpg\" title=\"imgp2158.jpg\"><img src=\"http:\/\/www.mininous.fr\/wp-content\/media\/imgp2158.thumbnail.jpg\" alt=\"imgp2158.jpg\" \/><\/a><a href=\"http:\/\/www.mininous.fr\/wp-content\/media\/imgp2155.jpg\" title=\"imgp2155.jpg\"><img src=\"http:\/\/www.mininous.fr\/wp-content\/media\/imgp2155.thumbnail.jpg\" alt=\"imgp2155.jpg\" \/><\/a>\u00a0 Le dernier coup classique pour nous captiver: coucou je me cache, me revoil\u00e0!<a href=\"http:\/\/www.mininous.fr\/wp-content\/media\/imgp2155.jpg\" title=\"imgp2155.jpg\"><br \/>\n<\/a><\/p>\n<p><a href=\"http:\/\/www.mininous.fr\/wp-content\/media\/imgp2169.jpg\" title=\"imgp2169.jpg\"><img src=\"http:\/\/www.mininous.fr\/wp-content\/media\/imgp2169.thumbnail.jpg\" alt=\"imgp2169.jpg\" \/> <\/a>Petits pas chass\u00e9s, un subtil m\u00e9lange de couleurs (Barbie)<\/p>\n<p><a href=\"http:\/\/www.mininous.fr\/wp-content\/media\/imgp2170.jpg\" title=\"imgp2170.jpg\"><img src=\"http:\/\/www.mininous.fr\/wp-content\/media\/imgp2170.thumbnail.jpg\" alt=\"imgp2170.jpg\" \/><\/a> Et voici la premi\u00e8re poup\u00e9e pour toute \u00ab\u00a0pitite\u00a0\u00bb fille re\u00e7ue dimanche dernier<\/p>\n<p><a href=\"http:\/\/www.mininous.fr\/wp-content\/media\/imgp2164.jpg\" title=\"imgp2164.jpg\"><img src=\"http:\/\/www.mininous.fr\/wp-content\/media\/imgp2164.thumbnail.jpg\" alt=\"imgp2164.jpg\" \/><\/a> Toute mignonne \u00ab\u00a0en sucette\u00a0\u00bb mais les yeux embu\u00e9s car le vaccin de ce matin \u00e9tait rude.<\/p>\n","protected":false},"excerpt":{"rendered":"<p>Apr\u00e8s une journ\u00e9e de travail, nous sommes tous les deux rentr\u00e9es le plus vite possible, histoire d&rsquo;aller chercher Elisabeth chez sa nounou pour son premier anniversaire. En effet, nous avions pr\u00e9vu un petit moment plac\u00e9 sous le signe de la f\u00eate&#8230;<\/p>\n","protected":false},"author":4,"featured_media":0,"comment_status":"open","ping_status":"open","sticky":false,"template":"","format":"standard","meta":[],"categories":[13],"tags":[30,7,14],"_links":{"self":[{"href":"https:\/\/www.mininous.fr\/index.php?rest_route=\/wp\/v2\/posts\/571"}],"collection":[{"href":"https:\/\/www.mininous.fr\/index.php?rest_route=\/wp\/v2\/posts"}],"about":[{"href":"https:\/\/www.mininous.fr\/index.php?rest_route=\/wp\/v2\/types\/post"}],"author":[{"embeddable":true,"href":"https:\/\/www.mininous.fr\/index.php?rest_route=\/wp\/v2\/users\/4"}],"replies":[{"embeddable":true,"href":"https:\/\/www.mininous.fr\/index.php?rest_route=%2Fwp%2Fv2%2Fcomments&post=571"}],"version-history":[{"count":0,"href":"https:\/\/www.mininous.fr\/index.php?rest_route=\/wp\/v2\/posts\/571\/revisions"}],"wp:attachment":[{"href":"https:\/\/www.mininous.fr\/index.php?rest_route=%2Fwp%2Fv2%2Fmedia&parent=571"}],"wp:term":[{"taxonomy":"category","embeddable":true,"href":"https:\/\/www.mininous.fr\/index.php?rest_route=%2Fwp%2Fv2%2Fcategories&post=571"},{"taxonomy":"post_tag","embeddable":true,"href":"https:\/\/www.mininous.fr\/index.php?rest_route=%2Fwp%2Fv2%2Ftags&post=571"}],"curies":[{"name":"wp","href":"https:\/\/api.w.org\/{rel}","templated":true}]}}