{"id":584,"date":"2009-03-29T08:25:20","date_gmt":"2009-03-29T08:25:20","guid":{"rendered":"http:\/\/www.mininous.fr\/?p=584"},"modified":"2009-03-29T08:25:20","modified_gmt":"2009-03-29T08:25:20","slug":"mini-vacances-sans-mininous","status":"publish","type":"post","link":"https:\/\/www.mininous.fr\/?p=584","title":{"rendered":"Mini vacances sans mininous"},"content":{"rendered":"<p><img loading=\"lazy\" src=\"http:\/\/www.mininous.fr\/wp-content\/media\/pano-1-copie.jpg\" alt=\"pano-1-copie.jpg\" height=\"166\" width=\"529\" \/><\/p>\n<p>Cette semaine, Alex et moi nous sommes accord\u00e9s nos premi\u00e8res vacances (3 jours) sans Elisabeth. Nous sommes donc partis passer quelques jours au ski, en Espagne.<!--more--><\/p>\n<p>Lundi \u00e0 midi, nous avons d\u00e9pos\u00e9 Elisabeth chez mes parents. Apr\u00e8s pas mal de pr\u00e9paratifs, les adieux ont \u00e9t\u00e9 assez difficiles. Il faut souligner que pour le moment, nous l&rsquo;avions laiss\u00e9 seulement 1 nuit. Bref, je vous laisse imaginer Alex laisser notre mininous&#8230;<\/p>\n<p>Ensuite, nous sommes repass\u00e9s \u00e0 la maison charger la voiture, et en route pour Baqueira, une station de ski Espagnole, dans la province catalane. C&rsquo;\u00e9tait vraiment excellent, car \u00e0 400 km seulement, nous avons pu profiter d&rsquo;un domaine digne des Alpes, bien enneig\u00e9, et surtout d\u00e9sert\u00e9! C&rsquo;est l&rsquo;avantage de partir hors vacances scolaires. On a aussi pu profiter de l&rsquo;Espagne au sens large, de ses prix attractifs, de ses bars\/resto fumeurs. Imaginez la bi\u00e8re \u00e0 1.70 euros ou le verre de vin au m\u00eame prix qu&rsquo;un caf\u00e9, les cigarettes et les fameuses tapas ou assiettes de charcuterie etc etc! Bref, on s&rsquo;est \u00e9clat\u00e9, gav\u00e9 de ski, de soleil et d&rsquo;un h\u00f4tel id\u00e9al (au pied des pistes, dot\u00e9 d&rsquo;une piscine bien agr\u00e9able apr\u00e8s le ski).<\/p>\n<p>Nous avons eu de bonnes nouvelles d&rsquo;Elisabeth, et nous avons parl\u00e9 d&rsquo;elle tr\u00e8s souvent pendant ces quelques jours, elle \u00e9tait dans toutes nos pens\u00e9es.<\/p>\n<p>On a aussi pass\u00e9 pas mal de temps \u00e0 imaginer les prochaines vacances avec elle, et m\u00eame, l&rsquo;imaginer dans quelques ann\u00e9es, sur des skis, dans une petite combinaison. D&rsquo;ailleurs, chaque enfant crois\u00e9 a fait l&rsquo;objet de nombreux regards et sourires de notre part. Faut dire qu&rsquo;il y avait pas de familles fran\u00e7aises mais quelques familles espagnoles avec des enfants bien mignons.Il faut reconnaitre qu&rsquo;un enfant en tenu de ski, ou sur des skis, c&rsquo;est assez d\u00e9lire.<\/p>\n<p>Pendant ce temps, Elisabeth s&rsquo;est \u00e9clat\u00e9e avec ses grands parents paternels et son cousin. Elle en a profit\u00e9 pour apprendre \u00e0 fermer les portes, d\u00e9couvrir de nouvelles syllabes, du genre yoddle!<\/p>\n<p><a href=\"http:\/\/www.mininous.fr\/wp-content\/media\/imgp2196.jpg\" title=\"imgp2196.jpg\"><img src=\"http:\/\/www.mininous.fr\/wp-content\/media\/imgp2196.thumbnail.jpg\" alt=\"imgp2196.jpg\" \/><\/a>   <a href=\"http:\/\/www.mininous.fr\/wp-content\/media\/imgp2218.jpg\" title=\"imgp2218.jpg\"><img src=\"http:\/\/www.mininous.fr\/wp-content\/media\/imgp2218.thumbnail.jpg\" alt=\"imgp2218.jpg\" \/><\/a>   <a href=\"http:\/\/www.mininous.fr\/wp-content\/media\/imgp2233.jpg\" title=\"imgp2233.jpg\"><img src=\"http:\/\/www.mininous.fr\/wp-content\/media\/imgp2233.thumbnail.jpg\" alt=\"imgp2233.jpg\" \/><\/a><\/p>\n<p><a href=\"http:\/\/www.mininous.fr\/wp-content\/media\/imgp2210.jpg\" title=\"imgp2210.jpg\"><img src=\"http:\/\/www.mininous.fr\/wp-content\/media\/imgp2210.thumbnail.jpg\" alt=\"imgp2210.jpg\" \/><\/a>   <a href=\"http:\/\/www.mininous.fr\/wp-content\/media\/imgp2260.jpg\" title=\"imgp2260.jpg\"><img src=\"http:\/\/www.mininous.fr\/wp-content\/media\/imgp2260.thumbnail.jpg\" alt=\"imgp2260.jpg\" \/><\/a>   <a href=\"http:\/\/www.mininous.fr\/wp-content\/media\/imgp2268.jpg\" title=\"imgp2268.jpg\"><img src=\"http:\/\/www.mininous.fr\/wp-content\/media\/imgp2268.thumbnail.jpg\" alt=\"imgp2268.jpg\" \/><\/a><\/p>\n<p>Princesse Leia, des notre, un jour tu seras!<\/p>\n<p><a href=\"http:\/\/www.mininous.fr\/wp-content\/media\/imgp2276.jpg\" title=\"imgp2276.jpg\"><img src=\"http:\/\/www.mininous.fr\/wp-content\/media\/imgp2276.thumbnail.jpg\" alt=\"imgp2276.jpg\" \/><\/a><\/p>\n","protected":false},"excerpt":{"rendered":"<p>Cette semaine, Alex et moi nous sommes accord\u00e9s nos premi\u00e8res vacances (3 jours) sans Elisabeth. Nous sommes donc partis passer quelques jours au ski, en Espagne.<\/p>\n","protected":false},"author":1,"featured_media":0,"comment_status":"open","ping_status":"open","sticky":false,"template":"","format":"standard","meta":[],"categories":[5],"tags":[7,10,20,16],"_links":{"self":[{"href":"https:\/\/www.mininous.fr\/index.php?rest_route=\/wp\/v2\/posts\/584"}],"collection":[{"href":"https:\/\/www.mininous.fr\/index.php?rest_route=\/wp\/v2\/posts"}],"about":[{"href":"https:\/\/www.mininous.fr\/index.php?rest_route=\/wp\/v2\/types\/post"}],"author":[{"embeddable":true,"href":"https:\/\/www.mininous.fr\/index.php?rest_route=\/wp\/v2\/users\/1"}],"replies":[{"embeddable":true,"href":"https:\/\/www.mininous.fr\/index.php?rest_route=%2Fwp%2Fv2%2Fcomments&post=584"}],"version-history":[{"count":0,"href":"https:\/\/www.mininous.fr\/index.php?rest_route=\/wp\/v2\/posts\/584\/revisions"}],"wp:attachment":[{"href":"https:\/\/www.mininous.fr\/index.php?rest_route=%2Fwp%2Fv2%2Fmedia&parent=584"}],"wp:term":[{"taxonomy":"category","embeddable":true,"href":"https:\/\/www.mininous.fr\/index.php?rest_route=%2Fwp%2Fv2%2Fcategories&post=584"},{"taxonomy":"post_tag","embeddable":true,"href":"https:\/\/www.mininous.fr\/index.php?rest_route=%2Fwp%2Fv2%2Ftags&post=584"}],"curies":[{"name":"wp","href":"https:\/\/api.w.org\/{rel}","templated":true}]}}