{"id":611,"date":"2009-04-13T19:58:01","date_gmt":"2009-04-13T19:58:01","guid":{"rendered":"http:\/\/www.mininous.fr\/?p=611"},"modified":"2009-04-15T19:18:05","modified_gmt":"2009-04-15T19:18:05","slug":"13-mois","status":"publish","type":"post","link":"https:\/\/www.mininous.fr\/?p=611","title":{"rendered":"13 mois"},"content":{"rendered":"<p>\u00a0Petit bilan porte-bonheur de notre miss 13 (n\u00e9e un 13 mars, 13 mois le 13 avril)<\/p>\n<p>Vous avez 13 envie d&rsquo;en savoir plus? \ud83d\ude09<!--more--><\/p>\n<p align=\"left\">\u00a0Qui est elle \u00e0 13 mois?<\/p>\n<p align=\"left\">Toujours un petit clown, qui essaie de se faire comprendre comme elle peut, soit par des babillages, soit par des gestes en tendant les bras vers nous ou ce qui l&rsquo;int\u00e9resse.<\/p>\n<p align=\"left\">Signes particuliers: toujours les yeux magnifiquement bleus.<\/p>\n<p align=\"left\">Les cheveux bouclent, les joues sont bien remplies.<\/p>\n<p align=\"left\">Le premier hiver s&rsquo;est pass\u00e9 sans \u00eatre vraiment malade, \u00e0 part quelques rhumes et fi\u00e8vres. En raison de l&rsquo;allaitement pendant plusieurs mois, un mode de garde pas trop collectif ou tout simplement de bonnes d\u00e9fenses immunitaires transmises par ses parents? En tout cas tant mieux et pourvu que \u00e7a dure!<\/p>\n<p align=\"left\">Au niveau comportement elle est assez com\u00e9dienne: toujours pr\u00eate \u00e0 feindre la tristesse si on la contrarie dans ses mini-plans!<\/p>\n<p align=\"left\">La sucette est toujours une alli\u00e9e du sommeil ou de l&rsquo;apaisement en g\u00e9n\u00e9ral&#8230;<\/p>\n<p align=\"left\">Les bisous se font toujours attendre mais les signes d&rsquo;affection sont de plus en plus pr\u00e9sents.<\/p>\n<p align=\"left\">C&rsquo;est une petite fille qui s&rsquo;exprime beaucoup, bavarde comme une fille? peut \u00eatre. (elle parle m\u00eame dans son sommeil!)<\/p>\n<p align=\"left\">Constatation assez d\u00e9concertante: certains acquis ne font que passer! En effet il y a plusieurs mois elle tenait son biberon, mais finalement elle a arr\u00eat\u00e9, pr\u00e9f\u00e9rant nous laisser faire. Fain\u00e9ant le Mininous???<\/p>\n<p align=\"left\">Idem pour certains mots comme Papa et Maman qui ne reviennent que rarement alors qu&rsquo;elle les maitrisait bien. (enfin \u00ab\u00a0maman\u00a0\u00bb reviens quand m\u00eame la nuit en appel de d\u00e9tresse&#8230;)<\/p>\n<p align=\"left\">A la place elle dit souvent \u00ab\u00a0dada\u00a0\u00bb ou \u00ab\u00a0yaya\u00a0\u00bb!&#8230;<\/p>\n<p align=\"left\">Par contre avis aux taties: comme sa nounou se fait appeler comme \u00e7a elle sait dire \u00ab\u00a0Taki\u00a0\u00bb<\/p>\n<p align=\"left\">Il y a aussi\u00a0 \u00ab\u00a0chat\u00a0\u00bb m\u00eame si le son \u00ab\u00a0ch\u00a0\u00bb est encore bien perfectible.<\/p>\n<p align=\"left\">Elle dit \u00ab\u00a0encore\u00a0\u00bb quand on joue et aussi \u00ab\u00a0attend\u00a0\u00bb.<\/p>\n<p align=\"left\">Question motricit\u00e9: elle cavale \u00e0 4 pattes super vite et marche bien quand on lui tient les 2 mains ou lorsqu&rsquo;elle a un appui.<\/p>\n<p align=\"left\">Elle commence aussi \u00e0 tenir debout quelques secondes sans se tenir mais gare aux chutes. Elle ne se rend pas compte du danger: lorsqu&rsquo;elle est en hauteur (sur le lit, le canap\u00e9, nos genoux, elle pourrait tomber si on ne la retient pas si elle d\u00e9cide d&rsquo;avancer)<\/p>\n<p align=\"left\">Enfin elle explore de plus en plus l&rsquo;appart, elle se lance dans des courses poursuites apr\u00e8s Cali, c&rsquo;est bien rigolo \u00e0 observer.<\/p>\n<p align=\"left\">Le SOMMEIL&#8230; notre sujet de conversation n\u00b01 les premiers temps&#8230; c&rsquo;est toujours un sujet un peu tabou quand m\u00eame car globalement on en a des nuits enti\u00e8res, mais il y a toujours une bonne excuse pour faire exception: dents, pleine lune, vaccins, mauvaise position dans le lit, modifications du mode de garde, cauchemars, \u00ab\u00a0tiens j&rsquo;ai plus ma sucette, r\u00e9veillons les parents qu&rsquo;ils la cherche pour moi\u00a0\u00bb ou que sais-je encore?!<\/p>\n<p align=\"left\">On a eu de belles performances en d\u00e9but d&rsquo;ann\u00e9e, apr\u00e8s le \u00ab\u00a0<a href=\"http:\/\/mininous.fr\/?p=464\" target=\"_blank\">Maubeuge-Maroilles Trip<\/a>\u00a0\u00bb avec des 8h30\/9h mais depuis quelques semaines elle est debout \u00e0 7h. On la couche toujours vers 20h (on a bien essay\u00e9 de la coucher plus tard mais le r\u00e9veil se fait \u00e0 la m\u00eame heure et puis elle est fatigu\u00e9e le soir) donc on est pass\u00e9 de 12h \u00e0 10h30\/11h de sommeil par nuit. Apr\u00e8s c&rsquo;est vrai qu&rsquo;on pourrait la laisser attendre davantage le matin mais comme on l&rsquo;entend super bien, on ne dort plus. Donc j&rsquo;y vais parce que je me dis qu&rsquo;elle a aussi la couche \u00e0 changer quand m\u00eame, et puis elle est tellement mignonne au r\u00e9veil&#8230; surtout que maintenant c&rsquo;est d\u00e9bout qu&rsquo;on la retrouve au lit, donc moins de chance qu&rsquo;elle se rendorme, elle est trop contente de d\u00e9marrer la journ\u00e9e!<\/p>\n<p align=\"left\"><a href=\"http:\/\/www.mininous.fr\/wp-content\/media\/imgp2292.jpg\" title=\"imgp2292.jpg\"><img src=\"http:\/\/www.mininous.fr\/wp-content\/media\/imgp2292.thumbnail.jpg\" alt=\"imgp2292.jpg\" \/><\/a> On a trouv\u00e9 une ressemblance avec moi sur cette photo&#8230; je ne sais pas si tout le monde partage cet avis, en tout cas \u00e7a fait plaisir car c&rsquo;est assez rare: la plupart du temps, on trouve qu&rsquo;elle ne ressemble \u00e0 personne d&rsquo;autre qu&rsquo;\u00e0 elle m\u00eame!:)<\/p>\n<p align=\"center\">&nbsp;<\/p>\n<p align=\"center\">&nbsp;<\/p>\n","protected":false},"excerpt":{"rendered":"<p>\u00a0Petit bilan porte-bonheur de notre miss 13 (n\u00e9e un 13 mars, 13 mois le 13 avril) Vous avez 13 envie d&rsquo;en savoir plus? \ud83d\ude09<\/p>\n","protected":false},"author":2,"featured_media":0,"comment_status":"open","ping_status":"open","sticky":false,"template":"","format":"standard","meta":[],"categories":[13],"tags":[7,15,31],"_links":{"self":[{"href":"https:\/\/www.mininous.fr\/index.php?rest_route=\/wp\/v2\/posts\/611"}],"collection":[{"href":"https:\/\/www.mininous.fr\/index.php?rest_route=\/wp\/v2\/posts"}],"about":[{"href":"https:\/\/www.mininous.fr\/index.php?rest_route=\/wp\/v2\/types\/post"}],"author":[{"embeddable":true,"href":"https:\/\/www.mininous.fr\/index.php?rest_route=\/wp\/v2\/users\/2"}],"replies":[{"embeddable":true,"href":"https:\/\/www.mininous.fr\/index.php?rest_route=%2Fwp%2Fv2%2Fcomments&post=611"}],"version-history":[{"count":0,"href":"https:\/\/www.mininous.fr\/index.php?rest_route=\/wp\/v2\/posts\/611\/revisions"}],"wp:attachment":[{"href":"https:\/\/www.mininous.fr\/index.php?rest_route=%2Fwp%2Fv2%2Fmedia&parent=611"}],"wp:term":[{"taxonomy":"category","embeddable":true,"href":"https:\/\/www.mininous.fr\/index.php?rest_route=%2Fwp%2Fv2%2Fcategories&post=611"},{"taxonomy":"post_tag","embeddable":true,"href":"https:\/\/www.mininous.fr\/index.php?rest_route=%2Fwp%2Fv2%2Ftags&post=611"}],"curies":[{"name":"wp","href":"https:\/\/api.w.org\/{rel}","templated":true}]}}