{"id":612,"date":"2009-04-15T19:13:53","date_gmt":"2009-04-15T19:13:53","guid":{"rendered":"http:\/\/www.mininous.fr\/?p=612"},"modified":"2009-04-15T19:13:53","modified_gmt":"2009-04-15T19:13:53","slug":"dimanches-au-parc","status":"publish","type":"post","link":"https:\/\/www.mininous.fr\/?p=612","title":{"rendered":"Dimanches au parc"},"content":{"rendered":"<p>Les dimanches se suivent mais ne se ressemblent pas niveau m\u00e9t\u00e9o: malgr\u00e9 un temps mitig\u00e9, nous avons pu aller au parc en ce week-end de P\u00e2ques. Le parc du Bouscat reste la facilit\u00e9, les meilleurs \u00e9tant le Jardin Public ou le Parc Bordelais. On peut s&rsquo;entrainer \u00e0 marcher, voir des animaux vari\u00e9s ou encore d\u00e9couvrir le man\u00e8ge.<!--more--><\/p>\n<p>On a commenc\u00e9 par la balan\u00e7oire. Ce n&rsquo;est pas encore la franche rigolade!<\/p>\n<p><a href=\"http:\/\/www.mininous.fr\/wp-content\/media\/imgp2379.jpg\" title=\"imgp2379.jpg\"><img src=\"http:\/\/www.mininous.fr\/wp-content\/media\/imgp2379.thumbnail.jpg\" alt=\"imgp2379.jpg\" \/><\/a> <a href=\"http:\/\/www.mininous.fr\/wp-content\/media\/imgp2384.jpg\" title=\"imgp2384.jpg\"><img src=\"http:\/\/www.mininous.fr\/wp-content\/media\/imgp2384.thumbnail.jpg\" alt=\"imgp2384.jpg\" \/><\/a><\/p>\n<p>Comme il y a un carrousel et surtout un avion adapt\u00e9 aux enfants qui ne tiennent pas encore debout,nous nous sommes lanc\u00e9s. Tout a bien \u00e9t\u00e9, elle \u00e9tait contente et tr\u00e8s fi\u00e8re! Notez le bonnet d&rsquo;hiver du plus bel effet, une vraie aviatrice! Elle a m\u00eame un peu \u00ab\u00a0chouin\u00e9\u00a0\u00bb \u00e0 la fin du tour. N&#8217;emp\u00eache, on a bien rigol\u00e9! On l&rsquo;a trouv\u00e9 trop mignonne.<\/p>\n<p><a href=\"http:\/\/www.mininous.fr\/wp-content\/media\/imgp2387.jpg\" title=\"imgp2387.jpg\"><img src=\"http:\/\/www.mininous.fr\/wp-content\/media\/imgp2387.thumbnail.jpg\" alt=\"imgp2387.jpg\" \/><\/a> <a href=\"http:\/\/www.mininous.fr\/wp-content\/media\/imgp2388.jpg\" title=\"imgp2388.jpg\"><img src=\"http:\/\/www.mininous.fr\/wp-content\/media\/imgp2388.thumbnail.jpg\" alt=\"imgp2388.jpg\" \/><\/a><\/p>\n<p>On a enchain\u00e9 sur l&rsquo;aire de jeu et le toboggan. Elle est encore un peu petite, donc il faut l&rsquo;accompagner. Par rapport \u00e0 la balan\u00e7oire, c&rsquo;\u00e9tait plus rigolo.<\/p>\n<p><a href=\"http:\/\/www.mininous.fr\/wp-content\/media\/imgp2402.jpg\" title=\"imgp2402.jpg\"><img src=\"http:\/\/www.mininous.fr\/wp-content\/media\/imgp2402.thumbnail.jpg\" alt=\"imgp2402.jpg\" \/><\/a> <a href=\"http:\/\/www.mininous.fr\/wp-content\/media\/imgp2401.jpg\" title=\"imgp2401.jpg\"><img src=\"http:\/\/www.mininous.fr\/wp-content\/media\/imgp2401.thumbnail.jpg\" alt=\"imgp2401.jpg\" \/><\/a><\/p>\n<p>Comme vous pouvez le voir, il ne faisait pas beau du tout alors que le dimanche pr\u00e9c\u00e9dent, le temps \u00e9tait id\u00e9al!! On travaille dur pour l&rsquo;habituer au bob, qui est \u00e0 peu pr\u00e8s accept\u00e9, mais les lunettes de soleil, ce n&rsquo;est pas gagn\u00e9. Vu sa peau et ses yeux clairs, il va bien falloir qu&rsquo;elle l&rsquo;accepte.<\/p>\n<p><a href=\"http:\/\/www.mininous.fr\/wp-content\/media\/imgp2316.jpg\" title=\"imgp2316.jpg\"><img src=\"http:\/\/www.mininous.fr\/wp-content\/media\/imgp2316.thumbnail.jpg\" alt=\"imgp2316.jpg\" \/> <\/a> <a href=\"http:\/\/www.mininous.fr\/wp-content\/media\/imgp2338.jpg\" title=\"imgp2338.jpg\"><img src=\"http:\/\/www.mininous.fr\/wp-content\/media\/imgp2338.thumbnail.jpg\" alt=\"imgp2338.jpg\" \/><\/a> <a href=\"http:\/\/www.mininous.fr\/wp-content\/media\/imgp2343.jpg\" title=\"imgp2343.jpg\"><img src=\"http:\/\/www.mininous.fr\/wp-content\/media\/imgp2343.thumbnail.jpg\" alt=\"imgp2343.jpg\" \/><\/a> <a href=\"http:\/\/www.mininous.fr\/wp-content\/media\/imgp2353.jpg\" title=\"imgp2353.jpg\"><img src=\"http:\/\/www.mininous.fr\/wp-content\/media\/imgp2353.thumbnail.jpg\" alt=\"imgp2353.jpg\" \/><\/a><\/p>\n<p>On s&rsquo;entraine \u00e0 marcher:<\/p>\n<p>[youtube 69iNzduRZw0 nolink]<\/p>\n<p><a href=\"http:\/\/www.mininous.fr\/wp-content\/media\/imgp2354.jpg\" title=\"imgp2354.jpg\"><img src=\"http:\/\/www.mininous.fr\/wp-content\/media\/imgp2354.thumbnail.jpg\" alt=\"imgp2354.jpg\" \/><\/a> <a href=\"http:\/\/www.mininous.fr\/wp-content\/media\/imgp2356.jpg\" title=\"imgp2356.jpg\"><img src=\"http:\/\/www.mininous.fr\/wp-content\/media\/imgp2356.thumbnail.jpg\" alt=\"imgp2356.jpg\" \/><\/a><\/p>\n<p>Enfin, les oies, cochons, autruches et \u00e2nes sont toujours int\u00e9ressants \u00e0 observer.<\/p>\n<p>Bref, vivement les beaux jours!!!<\/p>\n","protected":false},"excerpt":{"rendered":"<p>Les dimanches se suivent mais ne se ressemblent pas niveau m\u00e9t\u00e9o: malgr\u00e9 un temps mitig\u00e9, nous avons pu aller au parc en ce week-end de P\u00e2ques. Le parc du Bouscat reste la facilit\u00e9, les meilleurs \u00e9tant le Jardin Public ou le Parc Bordelais. On peut s&rsquo;entrainer \u00e0 marcher, voir des animaux vari\u00e9s ou encore d\u00e9couvrir [&hellip;]<\/p>\n","protected":false},"author":1,"featured_media":0,"comment_status":"open","ping_status":"open","sticky":false,"template":"","format":"standard","meta":[],"categories":[13],"tags":[7,15],"_links":{"self":[{"href":"https:\/\/www.mininous.fr\/index.php?rest_route=\/wp\/v2\/posts\/612"}],"collection":[{"href":"https:\/\/www.mininous.fr\/index.php?rest_route=\/wp\/v2\/posts"}],"about":[{"href":"https:\/\/www.mininous.fr\/index.php?rest_route=\/wp\/v2\/types\/post"}],"author":[{"embeddable":true,"href":"https:\/\/www.mininous.fr\/index.php?rest_route=\/wp\/v2\/users\/1"}],"replies":[{"embeddable":true,"href":"https:\/\/www.mininous.fr\/index.php?rest_route=%2Fwp%2Fv2%2Fcomments&post=612"}],"version-history":[{"count":0,"href":"https:\/\/www.mininous.fr\/index.php?rest_route=\/wp\/v2\/posts\/612\/revisions"}],"wp:attachment":[{"href":"https:\/\/www.mininous.fr\/index.php?rest_route=%2Fwp%2Fv2%2Fmedia&parent=612"}],"wp:term":[{"taxonomy":"category","embeddable":true,"href":"https:\/\/www.mininous.fr\/index.php?rest_route=%2Fwp%2Fv2%2Fcategories&post=612"},{"taxonomy":"post_tag","embeddable":true,"href":"https:\/\/www.mininous.fr\/index.php?rest_route=%2Fwp%2Fv2%2Ftags&post=612"}],"curies":[{"name":"wp","href":"https:\/\/api.w.org\/{rel}","templated":true}]}}