{"id":637,"date":"2009-05-03T20:45:04","date_gmt":"2009-05-03T20:45:04","guid":{"rendered":"http:\/\/www.mininous.fr\/?p=637"},"modified":"2009-05-03T20:45:04","modified_gmt":"2009-05-03T20:45:04","slug":"48h00-chrono","status":"publish","type":"post","link":"https:\/\/www.mininous.fr\/?p=637","title":{"rendered":"48H00 CHRONO"},"content":{"rendered":"<p><img loading=\"lazy\" src=\"http:\/\/www.mininous.fr\/wp-content\/media\/img_0323.jpg\" alt=\"img_0323.jpg\" height=\"289\" width=\"501\" \/><\/p>\n<p>Ce week end, nous nous sommes s\u00e9par\u00e9s d&rsquo;Elisabeth 48HOO, le temps d&rsquo;une escapade moto.<!--more--><\/p>\n<p>Nous avons donc d\u00e9pos\u00e9 notre mininous vendredi apr\u00e8s-midi chez mes parents. C&rsquo;est toujours un moment \u00e9trange, un peu triste, m\u00eame si on sait que tout va bien se passer.<\/p>\n<p>De notre c\u00f4t\u00e9, nous avons pass\u00e9 le week end \u00e0 faire une belle ballade, en compagnie de nos amis Robert et Flore. Nous avons remont\u00e9 l&rsquo;estuaire de la Gironde par la rive droite, Direction Royan. Le samedi, nous avons fait le tour de l&rsquo;Ile d&rsquo;Ol\u00e9ron. Enfin, ce dimanche, nous avons pris le bac \u00e0 Royan, pour traverser l&rsquo;Estuaire et le redescendre par le M\u00e9doc. Bref, un peu un grand 8.<br \/>\n<iframe loading=\"lazy\" src=\"http:\/\/maps.google.com\/maps\/ms?ie=UTF8&amp;hl=fr&amp;t=h&amp;msa=0&amp;msid=109820053337818174562.000469077a5f2d5cf5eb8&amp;ll=45.298075,-0.961304&amp;spn=1.854719,3.515625&amp;z=8&amp;output=embed\" marginheight=\"0\" marginwidth=\"0\" frameborder=\"0\" height=\"480\" scrolling=\"no\" width=\"440\"><\/iframe><\/p>\n<p>Tout s&rsquo;est tr\u00e8s bien pass\u00e9, <a href=\"http:\/\/mininous.fr\/?p=149\" target=\"_blank\">1 an jour pour jour apr\u00e8s avoir achet\u00e9 la moto<\/a>. Pour une premi\u00e8re vraie sortie moto, en duo avec Alex, on bien g\u00e9r\u00e9 les 470 klm.<\/p>\n<p><a href=\"http:\/\/www.mininous.fr\/wp-content\/media\/img_0318.jpg\" title=\"img_0318.jpg\"><img src=\"http:\/\/www.mininous.fr\/wp-content\/media\/img_0318.thumbnail.jpg\" alt=\"img_0318.jpg\" \/><\/a> Le point de rencontre pour le d\u00e9part.<\/p>\n<p><a href=\"http:\/\/www.mininous.fr\/wp-content\/media\/img_0334.jpg\" title=\"img_0334.jpg\"><img src=\"http:\/\/www.mininous.fr\/wp-content\/media\/img_0334.thumbnail.jpg\" alt=\"img_0334.jpg\" \/><\/a> Une petite vue depuis le la pointe nord de l&rsquo;ile, au pied du phare de Chassiron.<\/p>\n<p><a href=\"http:\/\/www.mininous.fr\/wp-content\/media\/imgp2435.jpg\" title=\"imgp2435.jpg\"><img src=\"http:\/\/www.mininous.fr\/wp-content\/media\/imgp2435.thumbnail.jpg\" alt=\"imgp2435.jpg\" \/><\/a><\/p>\n<p><a href=\"http:\/\/www.mininous.fr\/wp-content\/media\/imgp2463.jpg\" title=\"imgp2463.jpg\"><img src=\"http:\/\/www.mininous.fr\/wp-content\/media\/imgp2463.thumbnail.jpg\" alt=\"imgp2463.jpg\" \/><\/a> Mornac sur Seudre, petit village typique dans la zone Marennes Ol\u00e9ron.<\/p>\n<p><a href=\"http:\/\/www.mininous.fr\/wp-content\/media\/imgp2473.jpg\" title=\"imgp2473.jpg\"><img src=\"http:\/\/www.mininous.fr\/wp-content\/media\/imgp2473.thumbnail.jpg\" alt=\"imgp2473.jpg\" \/> <\/a><\/p>\n<p><a href=\"http:\/\/www.mininous.fr\/wp-content\/media\/imgp2489.jpg\" title=\"imgp2489.jpg\"><img src=\"http:\/\/www.mininous.fr\/wp-content\/media\/imgp2489.thumbnail.jpg\" alt=\"imgp2489.jpg\" \/><\/a><\/p>\n<p>A notre retour, nous avons retrouv\u00e9 Elisabeth, bras nus, en train de jouer \u00e0 l&rsquo;ombre, sur la terrasse. N&rsquo;ayant pas vraiment fait de sieste, les retrouvailles ont \u00e9t\u00e9 charg\u00e9es d&rsquo;\u00e9motions, entre joie et grosses larmes. Il n&#8217;emp\u00eache qu&rsquo;un m\u00eame sentiment revient souvent, nous la trouvons chang\u00e9e et la red\u00e9couvrons avec bonheur. Son week end s&rsquo;est bien pass\u00e9 avec une belle promenade au Jardin Public, ou apparemment, elle a d\u00e9couvert le bac \u00e0 sable. On l&rsquo;a vu aussi faire ses premiers pas, puisqu&rsquo;elle s&rsquo;est lanc\u00e9e toute seule pour passer de bras en bras. Elle manque encore d&rsquo;\u00e9quilibre, mais elle progresse bien.<\/p>\n<p><a href=\"http:\/\/www.mininous.fr\/wp-content\/media\/img_0135.jpg\" title=\"img_0135.jpg\"><img src=\"http:\/\/www.mininous.fr\/wp-content\/media\/img_0135.thumbnail.jpg\" alt=\"img_0135.jpg\" \/><\/a><\/p>\n","protected":false},"excerpt":{"rendered":"<p>Ce week end, nous nous sommes s\u00e9par\u00e9s d&rsquo;Elisabeth 48HOO, le temps d&rsquo;une escapade moto.<\/p>\n","protected":false},"author":1,"featured_media":0,"comment_status":"open","ping_status":"open","sticky":false,"template":"","format":"standard","meta":[],"categories":[5],"tags":[15,16],"_links":{"self":[{"href":"https:\/\/www.mininous.fr\/index.php?rest_route=\/wp\/v2\/posts\/637"}],"collection":[{"href":"https:\/\/www.mininous.fr\/index.php?rest_route=\/wp\/v2\/posts"}],"about":[{"href":"https:\/\/www.mininous.fr\/index.php?rest_route=\/wp\/v2\/types\/post"}],"author":[{"embeddable":true,"href":"https:\/\/www.mininous.fr\/index.php?rest_route=\/wp\/v2\/users\/1"}],"replies":[{"embeddable":true,"href":"https:\/\/www.mininous.fr\/index.php?rest_route=%2Fwp%2Fv2%2Fcomments&post=637"}],"version-history":[{"count":0,"href":"https:\/\/www.mininous.fr\/index.php?rest_route=\/wp\/v2\/posts\/637\/revisions"}],"wp:attachment":[{"href":"https:\/\/www.mininous.fr\/index.php?rest_route=%2Fwp%2Fv2%2Fmedia&parent=637"}],"wp:term":[{"taxonomy":"category","embeddable":true,"href":"https:\/\/www.mininous.fr\/index.php?rest_route=%2Fwp%2Fv2%2Fcategories&post=637"},{"taxonomy":"post_tag","embeddable":true,"href":"https:\/\/www.mininous.fr\/index.php?rest_route=%2Fwp%2Fv2%2Ftags&post=637"}],"curies":[{"name":"wp","href":"https:\/\/api.w.org\/{rel}","templated":true}]}}