{"id":646,"date":"2009-05-09T20:33:52","date_gmt":"2009-05-09T20:33:52","guid":{"rendered":"http:\/\/www.mininous.fr\/?p=646"},"modified":"2009-05-09T21:16:45","modified_gmt":"2009-05-09T21:16:45","slug":"anecdote-de-petite-fille-modeleou-presque","status":"publish","type":"post","link":"https:\/\/www.mininous.fr\/?p=646","title":{"rendered":"Anecdote de petite fille mod\u00e8le&#8230;ou presque"},"content":{"rendered":"<p><img loading=\"lazy\" src=\"http:\/\/www.mininous.fr\/wp-content\/media\/img_0366.jpg\" alt=\"img_0366.jpg\" height=\"664\" width=\"499\" \/><\/p>\n<p>Samedi nous sommes all\u00e9s au mariage d&rsquo;une coll\u00e8gue de Denis.<!--more--><\/p>\n<p>Elisabeth \u00e9tant de la partie, nous ne sommes pas rest\u00e9s le soir.<\/p>\n<p>Cette semaine, nous n&rsquo;avons pas eu une seule nuit compl\u00e8te, la miss se r\u00e9veille en moyenne 5 fois par nuit! Lune, dents, retour de baton suite au week end dernier&#8230; allez savoir! ce qui est s\u00fbr, c&rsquo;est que notre mininous ne dort pas bien et donc elle est fatigu\u00e9e.<\/p>\n<p>Bref, \u00e0 l&rsquo;\u00e9glise cet apr\u00e8s midi elle a \u00e9t\u00e9 exemplaire: elle n&rsquo;a pas bronch\u00e9 de toute la c\u00e9r\u00e9monie, (ouf, l&rsquo;enfant qui r\u00e2le dans l&rsquo;\u00e9glise n&rsquo;\u00e9tait pas le n\u00f4tre pour cette fois)<\/p>\n<p>On lui a donn\u00e9 le gout\u00e9 discr\u00e8tement pendant la c\u00e9r\u00e9monie (c&rsquo;\u00e9tait l&rsquo;heure!) Compote aval\u00e9e prestement, biberon presque entier dans le bidou.<\/p>\n<p>Pendant un chant (heureusement), elle a quelque peu stup\u00e9fi\u00e9 les gens autour de nous en l\u00e2chant un rot que je qualifierai de \u00ab\u00a0caverneux\u00a0\u00bb, celui qui fait peur parce qu&rsquo;il pourrait bien \u00eatre \u00ab\u00a0garni\u00a0\u00bb, celui qu&rsquo;on avait pas entendu depuis plusieurs mois!\u00a0 Mais jusqu&rsquo;ici tout va bien car il n&rsquo;\u00e9tait que sonore.<\/p>\n<p>Retour dans la voiture, il faisait chaud contrairement \u00e0 ce matin donc elle \u00e9tait plut\u00f4t couverte (body manches longues coton d&rsquo;hiver!) la route pour aller au vin d&rsquo;honneur \u00e9tait un peu sinueuse car \u00e0 la campagne. Arriv\u00e9e dans un beau ch\u00e2teau dans les vignes, bien arbor\u00e9.<\/p>\n<p>Sortie de voiture, elle est dans mes bras, tout va bien&#8230; et l\u00e0 c&rsquo;est le drame: en \u00e9tant contre moi, elle nous fait un retour de go\u00fbter \u00e0 l&rsquo;envoyeur, pas tout, mais quand m\u00eame!<\/p>\n<p>Et comme elle a d\u00e9j\u00e0 une certaine classe la demoiselle, elle a fait \u00e7a dans ma robe, par dessus le d\u00e9collet\u00e9&#8230;de fa\u00e7on discr\u00e8te, juste bonne \u00e0 me parfumer de mani\u00e8re d\u00e9licate face aux autres invit\u00e9s&#8230;id\u00e9al pour faire la causette aux coll\u00e8gues de son papa!<\/p>\n<p>Enfin voil\u00e0, pour finir, elle \u00e9tait bizarre le reste du temps: un peu molasse, m\u00eame pas de tentatives de d\u00e9placement \u00e0 4 pattes, fatigu\u00e9e et br\u00fblante elle n&rsquo;a pas voulu s&rsquo;endormir dans sa poussette mais d\u00e8s qu&rsquo;on a roul\u00e9 pour rentrer chez nous elle s&rsquo;est assoupie.<\/p>\n<p>39,5\u00b0 plus tard, un bain frais et le reste&#8230;elle fait dodo (on croise les doigts pour qu&rsquo;elle se sente mieux et refasse une vraie nuit enti\u00e8re&#8230;la premi\u00e8re du mois de mai!)<\/p>\n<p>En tout cas, en forme ou pas voici quelques photos de cette petite coquine mignonne.<\/p>\n<p><a href=\"http:\/\/www.mininous.fr\/wp-content\/media\/img_0350.jpg\" title=\"img_0350.jpg\"><img src=\"http:\/\/www.mininous.fr\/wp-content\/media\/img_0350.thumbnail.jpg\" alt=\"img_0350.jpg\" \/>\u00a0<\/a> Avant le go\u00fbter: motiv\u00e9e \u00e0 marcher!<\/p>\n<p><a href=\"http:\/\/www.mininous.fr\/wp-content\/media\/img_0351.jpg\" title=\"img_0351.jpg\"><img src=\"http:\/\/www.mininous.fr\/wp-content\/media\/img_0351.thumbnail.jpg\" alt=\"img_0351.jpg\" \/>\u00a0<\/a> Expression \u00ab\u00a0lima\u00e7on\u00a0\u00bb<\/p>\n<p><a href=\"http:\/\/www.mininous.fr\/wp-content\/media\/img_0373.jpg\" title=\"img_0373.jpg\"><\/a><\/p>\n<p><a href=\"http:\/\/www.mininous.fr\/wp-content\/media\/img_0355.jpg\" title=\"img_0355.jpg\"><img src=\"http:\/\/www.mininous.fr\/wp-content\/media\/img_0355.thumbnail.jpg\" alt=\"img_0355.jpg\" \/><\/a><a href=\"http:\/\/www.mininous.fr\/wp-content\/media\/img_0359.jpg\" title=\"img_0359.jpg\"><img src=\"http:\/\/www.mininous.fr\/wp-content\/media\/img_0359.thumbnail.jpg\" alt=\"img_0359.jpg\" \/><\/a><a href=\"http:\/\/www.mininous.fr\/wp-content\/media\/img_0362.jpg\" title=\"img_0362.jpg\"><img src=\"http:\/\/www.mininous.fr\/wp-content\/media\/img_0362.thumbnail.jpg\" alt=\"img_0362.jpg\" \/><\/a><a href=\"http:\/\/www.mininous.fr\/wp-content\/media\/img_0368.jpg\" title=\"img_0368.jpg\"><img src=\"http:\/\/www.mininous.fr\/wp-content\/media\/img_0368.thumbnail.jpg\" alt=\"img_0368.jpg\" \/><\/a><\/p>\n","protected":false},"excerpt":{"rendered":"<p>Samedi nous sommes all\u00e9s au mariage d&rsquo;une coll\u00e8gue de Denis.<\/p>\n","protected":false},"author":2,"featured_media":0,"comment_status":"open","ping_status":"open","sticky":false,"template":"","format":"standard","meta":[],"categories":[13],"tags":[15],"_links":{"self":[{"href":"https:\/\/www.mininous.fr\/index.php?rest_route=\/wp\/v2\/posts\/646"}],"collection":[{"href":"https:\/\/www.mininous.fr\/index.php?rest_route=\/wp\/v2\/posts"}],"about":[{"href":"https:\/\/www.mininous.fr\/index.php?rest_route=\/wp\/v2\/types\/post"}],"author":[{"embeddable":true,"href":"https:\/\/www.mininous.fr\/index.php?rest_route=\/wp\/v2\/users\/2"}],"replies":[{"embeddable":true,"href":"https:\/\/www.mininous.fr\/index.php?rest_route=%2Fwp%2Fv2%2Fcomments&post=646"}],"version-history":[{"count":0,"href":"https:\/\/www.mininous.fr\/index.php?rest_route=\/wp\/v2\/posts\/646\/revisions"}],"wp:attachment":[{"href":"https:\/\/www.mininous.fr\/index.php?rest_route=%2Fwp%2Fv2%2Fmedia&parent=646"}],"wp:term":[{"taxonomy":"category","embeddable":true,"href":"https:\/\/www.mininous.fr\/index.php?rest_route=%2Fwp%2Fv2%2Fcategories&post=646"},{"taxonomy":"post_tag","embeddable":true,"href":"https:\/\/www.mininous.fr\/index.php?rest_route=%2Fwp%2Fv2%2Ftags&post=646"}],"curies":[{"name":"wp","href":"https:\/\/api.w.org\/{rel}","templated":true}]}}