{"id":68,"date":"2008-03-23T21:28:45","date_gmt":"2008-03-23T21:28:45","guid":{"rendered":"http:\/\/www.mininous.fr\/?p=68"},"modified":"2008-03-23T21:28:45","modified_gmt":"2008-03-23T21:28:45","slug":"un-gentil-dimanche-de-paques","status":"publish","type":"post","link":"https:\/\/www.mininous.fr\/?p=68","title":{"rendered":"Un gentil dimanche de P\u00e2ques!"},"content":{"rendered":"<p>Apr\u00e8s 3 soir\u00e9es difficiles, Elisabeth nous a honor\u00e9 d&rsquo;une \u00ab\u00a0longue\u00a0\u00bb nuit de sommeil: 1h20 \u00e0 6h55! (la 1\u00e8re dans son lit pour tout dire) <br \/>\nEt ce dimanche elle a \u00e9t\u00e9 un b\u00e9b\u00e9 mod\u00e8le (pas le temps de pleurer: juste dodo, t\u00e9t\u00e9es et c\u00e2lins avec papa &#038; maman) <br \/>\nCel\u00e0 peut sembler inqui\u00e9tant pour la nuit \u00e0 venir mais&#8230; Carpe Diem!<br \/>\nVoici donc quelques instants de cette journ\u00e9e o\u00f9 m\u00eame la soir\u00e9e a sembl\u00e9 douce (gr\u00e2ce au Doomoo offert par Pierre, Sylvie, Pilou, Virginie, Robert, Anne, Christophe et Emeric??? En tout cas, \u00e7a l&rsquo;a fait!)<br \/>\nNous sommes \u00e9galement en mesure de vous montrer les premiers sourires immortalis\u00e9s (pas facile vu qu&rsquo;ils sont nombreux mais assez furtifs) <\/p>\n<p><a href='http:\/\/www.mininous.fr\/wp-content\/media\/dscn2499.jpg' title='dscn2499.jpg'><img src='http:\/\/www.mininous.fr\/wp-content\/media\/dscn2499.thumbnail.jpg' alt='dscn2499.jpg' \/><\/a><\/p>\n<p><a href='http:\/\/www.mininous.fr\/wp-content\/media\/dscn2500.jpg' title='dscn2500.jpg'><img src='http:\/\/www.mininous.fr\/wp-content\/media\/dscn2500.thumbnail.jpg' alt='dscn2500.jpg' \/><\/a><\/p>\n<p><a href='http:\/\/www.mininous.fr\/wp-content\/media\/dscn2505.jpg' title='dscn2505.jpg'><img src='http:\/\/www.mininous.fr\/wp-content\/media\/dscn2505.thumbnail.jpg' alt='dscn2505.jpg' \/><\/a><br \/>Little Bouddha apr\u00e8s mang\u00e9=bien heureuse<\/p>\n<p><a href='http:\/\/www.mininous.fr\/wp-content\/media\/dscn2511.jpg' title='dscn2511.jpg'><img src='http:\/\/www.mininous.fr\/wp-content\/media\/dscn2511.thumbnail.jpg' alt='dscn2511.jpg' \/><\/a><\/p>\n<p><a href='http:\/\/www.mininous.fr\/wp-content\/media\/dscn2521.jpg' title='dscn2521.jpg'><img src='http:\/\/www.mininous.fr\/wp-content\/media\/dscn2521.thumbnail.jpg' alt='dscn2521.jpg' \/><\/a><br \/>\n<br \/>Tout va bien sur papa et maman, elle y resterait pendant des heures<\/p>\n<p><a href='http:\/\/www.mininous.fr\/wp-content\/media\/dscn2514.jpg' title='dscn2514.jpg'><img src='http:\/\/www.mininous.fr\/wp-content\/media\/dscn2514.thumbnail.jpg' alt='dscn2514.jpg' \/><\/a><\/p>\n<p><a href='http:\/\/www.mininous.fr\/wp-content\/media\/dscn2515.jpg' title='dscn2515.jpg'><img src='http:\/\/www.mininous.fr\/wp-content\/media\/dscn2515.thumbnail.jpg' alt='dscn2515.jpg' \/><\/a><br \/>Family portrait<\/p>\n<p>\n","protected":false},"excerpt":{"rendered":"<p>Apr\u00e8s 3 soir\u00e9es difficiles, Elisabeth nous a honor\u00e9 d&rsquo;une \u00ab\u00a0longue\u00a0\u00bb nuit de sommeil: 1h20 \u00e0 6h55! (la 1\u00e8re dans son lit pour tout dire) Et ce dimanche elle a \u00e9t\u00e9 un b\u00e9b\u00e9 mod\u00e8le (pas le temps de pleurer: juste dodo, t\u00e9t\u00e9es et c\u00e2lins avec papa &#038; maman) Cel\u00e0 peut sembler inqui\u00e9tant pour la nuit \u00e0 [&hellip;]<\/p>\n","protected":false},"author":2,"featured_media":0,"comment_status":"open","ping_status":"open","sticky":false,"template":"","format":"standard","meta":[],"categories":[13],"tags":[10],"_links":{"self":[{"href":"https:\/\/www.mininous.fr\/index.php?rest_route=\/wp\/v2\/posts\/68"}],"collection":[{"href":"https:\/\/www.mininous.fr\/index.php?rest_route=\/wp\/v2\/posts"}],"about":[{"href":"https:\/\/www.mininous.fr\/index.php?rest_route=\/wp\/v2\/types\/post"}],"author":[{"embeddable":true,"href":"https:\/\/www.mininous.fr\/index.php?rest_route=\/wp\/v2\/users\/2"}],"replies":[{"embeddable":true,"href":"https:\/\/www.mininous.fr\/index.php?rest_route=%2Fwp%2Fv2%2Fcomments&post=68"}],"version-history":[{"count":0,"href":"https:\/\/www.mininous.fr\/index.php?rest_route=\/wp\/v2\/posts\/68\/revisions"}],"wp:attachment":[{"href":"https:\/\/www.mininous.fr\/index.php?rest_route=%2Fwp%2Fv2%2Fmedia&parent=68"}],"wp:term":[{"taxonomy":"category","embeddable":true,"href":"https:\/\/www.mininous.fr\/index.php?rest_route=%2Fwp%2Fv2%2Fcategories&post=68"},{"taxonomy":"post_tag","embeddable":true,"href":"https:\/\/www.mininous.fr\/index.php?rest_route=%2Fwp%2Fv2%2Ftags&post=68"}],"curies":[{"name":"wp","href":"https:\/\/api.w.org\/{rel}","templated":true}]}}