{"id":691,"date":"2009-05-24T20:33:57","date_gmt":"2009-05-24T20:33:57","guid":{"rendered":"http:\/\/www.mininous.fr\/?p=691"},"modified":"2009-05-24T20:33:57","modified_gmt":"2009-05-24T20:33:57","slug":"ascension","status":"publish","type":"post","link":"https:\/\/www.mininous.fr\/?p=691","title":{"rendered":"Ascension"},"content":{"rendered":"<p><img loading=\"lazy\" src=\"http:\/\/www.mininous.fr\/wp-content\/media\/imgp2636.jpg\" alt=\"imgp2636.jpg\" height=\"376\" width=\"500\" \/><\/p>\n<p>Cette semaine, du fait de l&rsquo;absence de la nounou, nous avons pos\u00e9 la semaine de cong\u00e9s. On n&rsquo;a rien fait d&rsquo;extraordinaire et pourtant, on ne s&rsquo;est pas ennuy\u00e9.<!--more--><\/p>\n<p>Tout a commenc\u00e9 lundi par une visite \u00e0 la Foire Internationale de Bordeaux.<\/p>\n<p>On a principalement regard\u00e9 les animaux. On a quand m\u00eame fait le tour de la foire, en terminant par le pavillon international.<\/p>\n<p><a href=\"http:\/\/www.mininous.fr\/wp-content\/media\/img_0436.jpg\" title=\"img_0436.jpg\"><img src=\"http:\/\/www.mininous.fr\/wp-content\/media\/img_0436.thumbnail.jpg\" alt=\"img_0436.jpg\" \/><\/a> <a href=\"http:\/\/www.mininous.fr\/wp-content\/media\/img_0437.jpg\" title=\"img_0437.jpg\"><img src=\"http:\/\/www.mininous.fr\/wp-content\/media\/img_0437.thumbnail.jpg\" alt=\"img_0437.jpg\" \/><\/a><\/p>\n<p><a href=\"http:\/\/www.mininous.fr\/wp-content\/media\/img_0445.jpg\" title=\"img_0445.jpg\"><img src=\"http:\/\/www.mininous.fr\/wp-content\/media\/img_0445.thumbnail.jpg\" alt=\"img_0445.jpg\" \/><\/a> <a href=\"http:\/\/www.mininous.fr\/wp-content\/media\/img_0446.jpg\" title=\"img_0446.jpg\"><img src=\"http:\/\/www.mininous.fr\/wp-content\/media\/img_0446.thumbnail.jpg\" alt=\"img_0446.jpg\" \/><\/a> Sur mes \u00e9paules, c&rsquo;est mieux pour regarder les belles b\u00eates.<\/p>\n<p>Puis un petit tour au Cap-Ferret, histoire de profiter du beau temps et exp\u00e9rimenter la plage. Elle a eu l&rsquo;air de beaucoup appr\u00e9cier, m\u00eame si aucune sieste n&rsquo;a \u00e9t\u00e9 possible en poussette. Nous sommes rest\u00e9s dans le bassin, face \u00e0 la dune du Pyla, o\u00f9 nous avons d\u00e9jeun\u00e9 au restaurant. Elle a \u00e9t\u00e9 assez mignonne pendant le repas. Sur la plage, tout \u00e9tait dr\u00f4le, m\u00eame pas peur des vagues, m\u00eame pas une poign\u00e9e de sable dans la bouche.<\/p>\n<p><a href=\"http:\/\/www.mininous.fr\/wp-content\/media\/img_0456.jpg\" title=\"img_0456.jpg\"><img src=\"http:\/\/www.mininous.fr\/wp-content\/media\/img_0456.thumbnail.jpg\" alt=\"img_0456.jpg\" \/><\/a><a href=\"http:\/\/www.mininous.fr\/wp-content\/media\/img_0463.jpg\" title=\"img_0463.jpg\"><img src=\"http:\/\/www.mininous.fr\/wp-content\/media\/img_0463.thumbnail.jpg\" alt=\"img_0463.jpg\" \/><\/a><a href=\"http:\/\/www.mininous.fr\/wp-content\/media\/img_0456.jpg\" title=\"img_0456.jpg\"> <\/a><\/p>\n<p><a href=\"http:\/\/www.mininous.fr\/wp-content\/media\/imgp2614.jpg\" title=\"imgp2614.jpg\"><img src=\"http:\/\/www.mininous.fr\/wp-content\/media\/imgp2614.thumbnail.jpg\" alt=\"imgp2614.jpg\" \/><\/a> <a href=\"http:\/\/www.mininous.fr\/wp-content\/media\/imgp2620.jpg\" title=\"imgp2620.jpg\"><img src=\"http:\/\/www.mininous.fr\/wp-content\/media\/imgp2620.thumbnail.jpg\" alt=\"imgp2620.jpg\" \/><\/a> <a href=\"http:\/\/www.mininous.fr\/wp-content\/media\/imgp2623.jpg\" title=\"imgp2623.jpg\"><img src=\"http:\/\/www.mininous.fr\/wp-content\/media\/imgp2623.thumbnail.jpg\" alt=\"imgp2623.jpg\" \/><\/a><\/p>\n<p><a href=\"http:\/\/www.mininous.fr\/wp-content\/media\/imgp2627.jpg\" title=\"imgp2627.jpg\"><img src=\"http:\/\/www.mininous.fr\/wp-content\/media\/imgp2627.thumbnail.jpg\" alt=\"imgp2627.jpg\" \/><\/a> <a href=\"http:\/\/www.mininous.fr\/wp-content\/media\/imgp2634.jpg\" title=\"imgp2634.jpg\"><img src=\"http:\/\/www.mininous.fr\/wp-content\/media\/imgp2634.thumbnail.jpg\" alt=\"imgp2634.jpg\" \/><\/a> <a href=\"http:\/\/www.mininous.fr\/wp-content\/media\/imgp2635.jpg\" title=\"imgp2635.jpg\"><img src=\"http:\/\/www.mininous.fr\/wp-content\/media\/imgp2635.thumbnail.jpg\" alt=\"imgp2635.jpg\" \/><\/a>\u00a0 <a href=\"http:\/\/www.mininous.fr\/wp-content\/media\/imgp2647.jpg\" title=\"imgp2647.jpg\"><img src=\"http:\/\/www.mininous.fr\/wp-content\/media\/imgp2647.thumbnail.jpg\" alt=\"imgp2647.jpg\" \/><\/a><\/p>\n<p>On a termin\u00e9 la semaine par une session b\u00e9b\u00e9 nageur \u00e0 la piscine, toujours aussi sympa, m\u00eame si Elisabeth ne se comporte jamais de la m\u00eame fa\u00e7on. Des fois peureuse, comme cette semaine, elle met alors du temps \u00e0 prendre ses marques.<\/p>\n<p>Le beau temps nous a aussi permis de faire des barbecues \u00e0 la maison, manger dehors et faire la tourn\u00e9e des Parcs de Bordeaux. Elle a fait de longues nuits au d\u00e9but de la semaine mais juste au d\u00e9but!<\/p>\n<p><a href=\"http:\/\/www.mininous.fr\/wp-content\/media\/imgp2668.jpg\" title=\"imgp2668.jpg\"><img src=\"http:\/\/www.mininous.fr\/wp-content\/media\/imgp2668.thumbnail.jpg\" alt=\"imgp2668.jpg\" \/><\/a> <a href=\"http:\/\/www.mininous.fr\/wp-content\/media\/imgp2688.jpg\" title=\"imgp2688.jpg\"><img src=\"http:\/\/www.mininous.fr\/wp-content\/media\/imgp2688.thumbnail.jpg\" alt=\"imgp2688.jpg\" \/><\/a> <a href=\"http:\/\/www.mininous.fr\/wp-content\/media\/imgp2689.jpg\" title=\"imgp2689.jpg\"><img src=\"http:\/\/www.mininous.fr\/wp-content\/media\/imgp2689.thumbnail.jpg\" alt=\"imgp2689.jpg\" \/><\/a> <a href=\"http:\/\/www.mininous.fr\/wp-content\/media\/imgp2681.jpg\" title=\"imgp2681.jpg\"><img src=\"http:\/\/www.mininous.fr\/wp-content\/media\/imgp2681.thumbnail.jpg\" alt=\"imgp2681.jpg\" \/><\/a><\/p>\n<p><a href=\"http:\/\/www.mininous.fr\/wp-content\/media\/imgp2700.jpg\" title=\"imgp2700.jpg\"><img src=\"http:\/\/www.mininous.fr\/wp-content\/media\/imgp2700.thumbnail.jpg\" alt=\"imgp2700.jpg\" \/><\/a> <a href=\"http:\/\/www.mininous.fr\/wp-content\/media\/imgp2721.jpg\" title=\"imgp2721.jpg\"><img src=\"http:\/\/www.mininous.fr\/wp-content\/media\/imgp2721.thumbnail.jpg\" alt=\"imgp2721.jpg\" \/><\/a> Cette semaine, on a pu constater qu&rsquo;elle aimait marcher pieds nus dans l&rsquo;herbe, la toucher, mais pas tomber dedans! Elle refuse de se relever en s&rsquo;appuyant!!!??<\/p>\n<p>En tout cas, cette semaine nous a permis de bien profiter d&rsquo;elle et\u00a0 de la voir \u00e9voluer. On l&rsquo;a vu se mettre debout toute seule, faire plus de pas seule, au milieu de la pi\u00e8ce. Elle commence \u00e0 comprendre le mot \u00ab\u00a0bisous\u00a0\u00bb, le geste y est et c&rsquo;est d\u00e9j\u00e0 bien. Elle a \u00e9galement \u00ab\u00a0commenc\u00e9\u00a0\u00bb \u00e0 manger toute seule. Les premiers vrais \u00ab\u00a0papa\u00a0\u00bb \u00ab\u00a0maman\u00a0\u00bb sont prononc\u00e9s de plus en plus souvent, voir en boucle.<\/p>\n","protected":false},"excerpt":{"rendered":"<p>Cette semaine, du fait de l&rsquo;absence de la nounou, nous avons pos\u00e9 la semaine de cong\u00e9s. On n&rsquo;a rien fait d&rsquo;extraordinaire et pourtant, on ne s&rsquo;est pas ennuy\u00e9.<\/p>\n","protected":false},"author":1,"featured_media":0,"comment_status":"open","ping_status":"open","sticky":false,"template":"","format":"standard","meta":[],"categories":[5],"tags":[10,15,20],"_links":{"self":[{"href":"https:\/\/www.mininous.fr\/index.php?rest_route=\/wp\/v2\/posts\/691"}],"collection":[{"href":"https:\/\/www.mininous.fr\/index.php?rest_route=\/wp\/v2\/posts"}],"about":[{"href":"https:\/\/www.mininous.fr\/index.php?rest_route=\/wp\/v2\/types\/post"}],"author":[{"embeddable":true,"href":"https:\/\/www.mininous.fr\/index.php?rest_route=\/wp\/v2\/users\/1"}],"replies":[{"embeddable":true,"href":"https:\/\/www.mininous.fr\/index.php?rest_route=%2Fwp%2Fv2%2Fcomments&post=691"}],"version-history":[{"count":0,"href":"https:\/\/www.mininous.fr\/index.php?rest_route=\/wp\/v2\/posts\/691\/revisions"}],"wp:attachment":[{"href":"https:\/\/www.mininous.fr\/index.php?rest_route=%2Fwp%2Fv2%2Fmedia&parent=691"}],"wp:term":[{"taxonomy":"category","embeddable":true,"href":"https:\/\/www.mininous.fr\/index.php?rest_route=%2Fwp%2Fv2%2Fcategories&post=691"},{"taxonomy":"post_tag","embeddable":true,"href":"https:\/\/www.mininous.fr\/index.php?rest_route=%2Fwp%2Fv2%2Ftags&post=691"}],"curies":[{"name":"wp","href":"https:\/\/api.w.org\/{rel}","templated":true}]}}