{"id":713,"date":"2009-05-31T20:31:58","date_gmt":"2009-05-31T20:31:58","guid":{"rendered":"http:\/\/www.mininous.fr\/?p=713"},"modified":"2009-05-31T21:00:57","modified_gmt":"2009-05-31T21:00:57","slug":"un-vrai-week-end-de-champions","status":"publish","type":"post","link":"https:\/\/www.mininous.fr\/?p=713","title":{"rendered":"Un vrai week-end de Champions!!"},"content":{"rendered":"<p>Outre le Football, Elisabeth marche. Bref un week-end de folie&#8230;<\/p>\n<p><img src=\"http:\/\/www.mininous.fr\/wp-content\/media\/09a0ae79e4.gif\" alt=\"09a0ae79e4.gif\" \/><\/p>\n<p><!--more--><\/p>\n<p>Cela a \u00e9t\u00e9 officialis\u00e9 par la nounou vendredi soir lorsqu&rsquo;elle nous a annonc\u00e9 \u00ab\u00a0Pour moi, Elisabeth marche maintenant\u00a0\u00bb.<\/p>\n<p>C&rsquo;est en effet ce que nous avons constat\u00e9: elle est d\u00e9sormais capable de faire une dizaine de pas (on va pas non plus lui faire faire des klm pour certifier la chose!), virages, demi-tour et le tout bien stable sans nous donner la main. Pour autant \u00e7a n&rsquo;est pas devenu un d\u00e9clic comme lorsqu&rsquo;elle s&rsquo;est mise \u00e0 marcher \u00e0 4 pattes: sur ses 2 gambettes elle pr\u00e9f\u00e8re encore nous entrainer avec elle en nous tenant par le bout d&rsquo;un doigt. Mais rapidement elle va comprendre l&rsquo;avantage qu&rsquo;elle va tirer \u00e0 d\u00e9placer seule debout, et nous on va s&rsquo;adapter: chaque jour on modifie certains emplacements dans l&rsquo;appart ou sur la terrasse puisque l&rsquo;\u00e9t\u00e9 approche et les beaux jours se font plus fr\u00e9quents et chauds. En r\u00e9sum\u00e9 Elisabeth prend de plus en plus possession de l&rsquo;espace et des objets qui se trouvent dans les pi\u00e8ces, \u00ab\u00a0a\u00efe caramba\u00a0\u00bb!<\/p>\n<p><a href=\"http:\/\/www.mininous.fr\/wp-content\/media\/imgp2735.jpg\" title=\"imgp2735.jpg\"><img src=\"http:\/\/www.mininous.fr\/wp-content\/media\/imgp2735.thumbnail.jpg\" alt=\"imgp2735.jpg\" \/><\/a>\u00a0 Sur la pointe des pieds pour toucher au lecteur CD tant convoit\u00e9!<\/p>\n<p><a href=\"http:\/\/www.mininous.fr\/wp-content\/media\/imgp2737.jpg\"><img src=\"http:\/\/www.mininous.fr\/wp-content\/media\/imgp2737.thumbnail.jpg\" alt=\"imgp2737.jpg\" \/><\/a>\u00a0 Tournitcoti-tournicotons!<\/p>\n<p><a href=\"http:\/\/www.mininous.fr\/wp-content\/media\/img_0497.jpg\" title=\"img_0497.jpg\"><img src=\"http:\/\/www.mininous.fr\/wp-content\/media\/img_0497.thumbnail.jpg\" alt=\"img_0497.jpg\" \/><\/a> Elisabeth a rendu visite \u00e0 Nat &amp; Caitlin&#8230;<a href=\"http:\/\/www.mininous.fr\/wp-content\/media\/img_0498.jpg\" title=\"img_0498.jpg\"><img src=\"http:\/\/www.mininous.fr\/wp-content\/media\/img_0498.thumbnail.jpg\" alt=\"img_0498.jpg\" \/><\/a><\/p>\n<p><a href=\"http:\/\/www.mininous.fr\/wp-content\/media\/img_0480.jpg\" title=\"img_0480.jpg\"><img src=\"http:\/\/www.mininous.fr\/wp-content\/media\/img_0480.thumbnail.jpg\" alt=\"img_0480.jpg\" \/> <\/a>&#8230; et nous avons eu le plaisir de faire la connaissance de leur chaton ag\u00e9 d&rsquo;1 mois, trop mignon!!!\u00a0 (bien proportionn\u00e9 et bien gentil pour \u00eatre avec un b\u00e9b\u00e9)<\/p>\n<p><a href=\"http:\/\/www.mininous.fr\/wp-content\/media\/img_0473.jpg\" title=\"img_0473.jpg\"><img src=\"http:\/\/www.mininous.fr\/wp-content\/media\/img_0473.thumbnail.jpg\" alt=\"img_0473.jpg\" \/><\/a> <a href=\"http:\/\/www.mininous.fr\/wp-content\/media\/img_0475.jpg\" title=\"img_0475.jpg\"><img src=\"http:\/\/www.mininous.fr\/wp-content\/media\/img_0475.thumbnail.jpg\" alt=\"img_0475.jpg\" \/><\/a><\/p>\n<p><img src=\"http:\/\/www.mininous.fr\/wp-content\/media\/66aa122939.jpg\" alt=\"66aa122939.jpg\" \/><\/p>\n<p>La Place des Quinconces, photo prise de la colonne des Girondins (photographe tr\u00e8s chanceux car interdit au public). Il y a 10 ans, pour le titre de 1999, nous avions d\u00e9j\u00e0 pass\u00e9 la soir\u00e9e ensemble, bien loin d&rsquo;imaginer ou nous en serions en 2009. En tout cas, Alex, moi et notre mininous n&rsquo;\u00e9tions pas \u00e0 cet endroit hier soir.<\/p>\n<p>Dommage qu&rsquo;en ce week-end de Pentec\u00f4te, je travaille lundi&#8230;<\/p>\n<p>Enfin, une chose importante pour le blog, le bandeau en haut de page correspond vraiment \u00e0 la r\u00e9alit\u00e9. Elle est debout toute seule et marche!!!!! C&rsquo;est dingue.<\/p>\n","protected":false},"excerpt":{"rendered":"<p>Outre le Football, Elisabeth marche. Bref un week-end de folie&#8230;<\/p>\n","protected":false},"author":4,"featured_media":0,"comment_status":"open","ping_status":"open","sticky":false,"template":"","format":"standard","meta":[],"categories":[13],"tags":[23,30,7,10],"_links":{"self":[{"href":"https:\/\/www.mininous.fr\/index.php?rest_route=\/wp\/v2\/posts\/713"}],"collection":[{"href":"https:\/\/www.mininous.fr\/index.php?rest_route=\/wp\/v2\/posts"}],"about":[{"href":"https:\/\/www.mininous.fr\/index.php?rest_route=\/wp\/v2\/types\/post"}],"author":[{"embeddable":true,"href":"https:\/\/www.mininous.fr\/index.php?rest_route=\/wp\/v2\/users\/4"}],"replies":[{"embeddable":true,"href":"https:\/\/www.mininous.fr\/index.php?rest_route=%2Fwp%2Fv2%2Fcomments&post=713"}],"version-history":[{"count":0,"href":"https:\/\/www.mininous.fr\/index.php?rest_route=\/wp\/v2\/posts\/713\/revisions"}],"wp:attachment":[{"href":"https:\/\/www.mininous.fr\/index.php?rest_route=%2Fwp%2Fv2%2Fmedia&parent=713"}],"wp:term":[{"taxonomy":"category","embeddable":true,"href":"https:\/\/www.mininous.fr\/index.php?rest_route=%2Fwp%2Fv2%2Fcategories&post=713"},{"taxonomy":"post_tag","embeddable":true,"href":"https:\/\/www.mininous.fr\/index.php?rest_route=%2Fwp%2Fv2%2Ftags&post=713"}],"curies":[{"name":"wp","href":"https:\/\/api.w.org\/{rel}","templated":true}]}}