{"id":753,"date":"2009-06-26T21:14:17","date_gmt":"2009-06-26T21:14:17","guid":{"rendered":"http:\/\/www.mininous.fr\/?p=753"},"modified":"2009-06-27T14:24:48","modified_gmt":"2009-06-27T14:24:48","slug":"bad-news-from-the-stars","status":"publish","type":"post","link":"https:\/\/www.mininous.fr\/?p=753","title":{"rendered":"Bad news from the Stars"},"content":{"rendered":"<p>\u00a0 \u00a0 \u00a0 \u00a0 \u00a0 \u00a0 \u00a0 \u00a0 \u00a0 \u00a0 \u00a0 \u00a0 \u00a0 \u00a0 \u00a0 \u00a0 \u00a0 \u00a0 \u00a0 \u00a0 \u00a0 \u00a0 \u00a0 \u00a0 \u00a0\u00a0 <a href=\"http:\/\/www.mininous.fr\/wp-content\/media\/starmichaeljackson.jpg\" title=\"starmichaeljackson.jpg\"><img loading=\"lazy\" src=\"http:\/\/www.mininous.fr\/wp-content\/media\/starmichaeljackson.jpg\" alt=\"starmichaeljackson.jpg\" height=\"433\" width=\"500\" \/><\/a><\/p>\n<p><!--more--><\/p>\n<p>Les superlatifs ne manquent pas pour parler de lui, La r\u00e9f\u00e9rence musicale mondiale s&rsquo;il ne devait en rester qu&rsquo;une.<\/p>\n<p>Elisabeth et tous les enfants de sa g\u00e9n\u00e9ration comme Sam, Mabwa, Mathis, Gabriel, Caitlin, L\u00e9o, Roxane, Ethan, Eliott, Matteo, Nathael, Julen, Baptiste, Yannis, Axel, Ma\u00eblie, Lina, Na\u00ebl, Manon&#8230; et tous les autres&#8230;je regrette que vous ne l&rsquo;ayez connu comme nous en notre temps.<\/p>\n<p>Il faudra leur faire d\u00e9couvrir cet artiste incroyable mais vrai&#8230;qui nous a tous beaucoup marqu\u00e9&#8230; The King of Pop&#8230;une tr\u00e8s grande histoire que personne n&rsquo;oubliera.<\/p>\n<p>Alors voil\u00e0&#8230; c&rsquo;\u00e9tait l&rsquo;\u00e9v\u00e8nement principal du 26 juin 2009.\u00a0 Never forget Michael!<\/p>\n<p><a href=\"http:\/\/www.mininous.fr\/wp-content\/media\/mj.jpg\" title=\"mj.jpg\"><img src=\"http:\/\/www.mininous.fr\/wp-content\/media\/mj.thumbnail.jpg\" alt=\"mj.jpg\" \/><\/a><\/p>\n<p>Billet sur MJ avec chanson et tr\u00e8s bonne vid\u00e9o \u00ab\u00a0Michael Jackson&rsquo;s BEST DANCE\u00a0\u00bb sur <a href=\"http:\/\/www.robson.fr\/michael-jackson-went-moonwalking\/\" target=\"_blank\">robson.fr<\/a><\/p>\n<p>Sans transition, dans le monde d&rsquo;Elisabeth, tout va bien, la marche se poursuit, elle r\u00e2le mais nous fait rire et nous attendrit par ses nombreuses fac\u00e9ties.<\/p>\n","protected":false},"excerpt":{"rendered":"<p>\u00a0 \u00a0 \u00a0 \u00a0 \u00a0 \u00a0 \u00a0 \u00a0 \u00a0 \u00a0 \u00a0 \u00a0 \u00a0 \u00a0 \u00a0 \u00a0 \u00a0 \u00a0 \u00a0 \u00a0 \u00a0 \u00a0 \u00a0 \u00a0 \u00a0\u00a0<\/p>\n","protected":false},"author":2,"featured_media":0,"comment_status":"open","ping_status":"open","sticky":false,"template":"","format":"standard","meta":[],"categories":[29],"tags":[30],"_links":{"self":[{"href":"https:\/\/www.mininous.fr\/index.php?rest_route=\/wp\/v2\/posts\/753"}],"collection":[{"href":"https:\/\/www.mininous.fr\/index.php?rest_route=\/wp\/v2\/posts"}],"about":[{"href":"https:\/\/www.mininous.fr\/index.php?rest_route=\/wp\/v2\/types\/post"}],"author":[{"embeddable":true,"href":"https:\/\/www.mininous.fr\/index.php?rest_route=\/wp\/v2\/users\/2"}],"replies":[{"embeddable":true,"href":"https:\/\/www.mininous.fr\/index.php?rest_route=%2Fwp%2Fv2%2Fcomments&post=753"}],"version-history":[{"count":0,"href":"https:\/\/www.mininous.fr\/index.php?rest_route=\/wp\/v2\/posts\/753\/revisions"}],"wp:attachment":[{"href":"https:\/\/www.mininous.fr\/index.php?rest_route=%2Fwp%2Fv2%2Fmedia&parent=753"}],"wp:term":[{"taxonomy":"category","embeddable":true,"href":"https:\/\/www.mininous.fr\/index.php?rest_route=%2Fwp%2Fv2%2Fcategories&post=753"},{"taxonomy":"post_tag","embeddable":true,"href":"https:\/\/www.mininous.fr\/index.php?rest_route=%2Fwp%2Fv2%2Ftags&post=753"}],"curies":[{"name":"wp","href":"https:\/\/api.w.org\/{rel}","templated":true}]}}