{"id":781,"date":"2009-08-19T17:41:24","date_gmt":"2009-08-19T17:41:24","guid":{"rendered":"http:\/\/www.mininous.fr\/?p=781"},"modified":"2009-08-19T17:41:24","modified_gmt":"2009-08-19T17:41:24","slug":"vacances-2009-acte-1","status":"publish","type":"post","link":"https:\/\/www.mininous.fr\/?p=781","title":{"rendered":"Vacances 2009, acte 1"},"content":{"rendered":"<p><img loading=\"lazy\" src=\"http:\/\/www.mininous.fr\/wp-content\/media\/imgp3245.jpg\" alt=\"imgp3245.jpg\" height=\"530\" width=\"500\" \/><\/p>\n<p>Les vacances avec \u00c9lisabeth \u00e9taient formidables car nous \u00e9tions ensemble pour un long moment et nous en avons bien profit\u00e9!<!--more--><\/p>\n<p>Tout d&rsquo;abord la premi\u00e8re semaine nous avons pris l&rsquo;avion toutes les 2 (car Denis travaillait une semaine de plus que moi) aller-retour pour Nice o\u00f9 elle est toujours mignonne en vol mais quand m\u00eame moins facile \u00e0 canaliser que l&rsquo;ann\u00e9e derni\u00e8re (forc\u00e9ment)<\/p>\n<p>En tout cas nous avons pass\u00e9 une tr\u00e8s bonne semaine avec son cousin Sam et sa maman, malgr\u00e9 une Elisabeth trop matinale toute la semaine (6h30 p\u00e9tantes alors qu&rsquo;elle est plut\u00f4t vers 8h30\/9h20 le reste des vacances, avec une pointe de 14h30 de sommeil il y a quelques jours, je souligne cette belle performance qu&rsquo;on aimerait vivre tous les week ends!!!)<\/p>\n<p>Nous avons fait pleins d&rsquo;activit\u00e9s bien sympathiques, dont voici tout de suite quelques photos:<\/p>\n<p><a href=\"http:\/\/www.mininous.fr\/wp-content\/media\/imgp3135.jpg\" title=\"imgp3135.jpg\"><img src=\"http:\/\/www.mininous.fr\/wp-content\/media\/imgp3135.thumbnail.jpg\" alt=\"imgp3135.jpg\" \/><\/a>\u00a0 Trop motiv\u00e9e pour un d\u00e9jeuner chez son Papi Guy\u00a0 &#8230;<\/p>\n<p><a href=\"http:\/\/www.mininous.fr\/wp-content\/media\/imgp3149.jpg\" title=\"imgp3149.jpg\"><img src=\"http:\/\/www.mininous.fr\/wp-content\/media\/imgp3149.thumbnail.jpg\" alt=\"imgp3149.jpg\" \/><\/a>\u00a0 Retour dans la jolie piscine dans laquelle elle n&rsquo;avait pas eu l&rsquo;occasion de barboter depuis l&rsquo;ann\u00e9e derni\u00e8re, b\u00e9b\u00e9 bien prot\u00e9g\u00e9 \u00e0 tous les niveaux!<\/p>\n<p><a href=\"http:\/\/www.mininous.fr\/wp-content\/media\/imgp3161.jpg\" title=\"imgp3161.jpg\"><img src=\"http:\/\/www.mininous.fr\/wp-content\/media\/imgp3161.thumbnail.jpg\" alt=\"imgp3161.jpg\" \/><\/a>\u00a0 Ambiance dodo pour les ptits loulous au retour de Grimaud<\/p>\n<p><a href=\"http:\/\/www.mininous.fr\/wp-content\/media\/imgp3162.jpg\" title=\"imgp3162.jpg\"><img src=\"http:\/\/www.mininous.fr\/wp-content\/media\/imgp3162.thumbnail.jpg\" alt=\"imgp3162.jpg\" \/><\/a>\u00a0 Look \u00ab\u00a0roller girl\u00a0\u00bb pour prot\u00e9ger les genoux tous mous face au macadam<\/p>\n<p><a href=\"http:\/\/www.mininous.fr\/wp-content\/media\/imgp3167.jpg\" title=\"imgp3167.jpg\"><img src=\"http:\/\/www.mininous.fr\/wp-content\/media\/imgp3167.thumbnail.jpg\" alt=\"imgp3167.jpg\" \/><\/a>\u00a0 Tout petit b\u00e9b\u00e9 sur un gros gros bateau!<\/p>\n<p><a href=\"http:\/\/www.mininous.fr\/wp-content\/media\/imgp3177.jpg\" title=\"imgp3177.jpg\"><img src=\"http:\/\/www.mininous.fr\/wp-content\/media\/imgp3177.thumbnail.jpg\" alt=\"imgp3177.jpg\" \/><\/a>\u00a0\u00a0 <a href=\"http:\/\/www.mininous.fr\/wp-content\/media\/imgp3184.jpg\" title=\"imgp3184.jpg\"><img src=\"http:\/\/www.mininous.fr\/wp-content\/media\/imgp3184.thumbnail.jpg\" alt=\"imgp3184.jpg\" \/><\/a><\/p>\n<p><a href=\"http:\/\/www.mininous.fr\/wp-content\/media\/imgp3191.jpg\" title=\"imgp3191.jpg\"><img src=\"http:\/\/www.mininous.fr\/wp-content\/media\/imgp3191.thumbnail.jpg\" alt=\"imgp3191.jpg\" \/> <\/a>Un amour de Crevette<\/p>\n<p><a href=\"http:\/\/www.mininous.fr\/wp-content\/media\/imgp3192.jpg\" title=\"imgp3192.jpg\"><img src=\"http:\/\/www.mininous.fr\/wp-content\/media\/imgp3192.thumbnail.jpg\" alt=\"imgp3192.jpg\" \/><\/a><\/p>\n<p><a href=\"http:\/\/www.mininous.fr\/wp-content\/media\/imgp3194.jpg\" title=\"imgp3194.jpg\"><img src=\"http:\/\/www.mininous.fr\/wp-content\/media\/imgp3194.thumbnail.jpg\" alt=\"imgp3194.jpg\" \/><\/a><a href=\"http:\/\/www.mininous.fr\/wp-content\/media\/imgp3199.jpg\" title=\"imgp3199.jpg\"><img src=\"http:\/\/www.mininous.fr\/wp-content\/media\/imgp3199.thumbnail.jpg\" alt=\"imgp3199.jpg\" \/><\/a><\/p>\n<p><a href=\"http:\/\/www.mininous.fr\/wp-content\/media\/imgp3204.jpg\" title=\"imgp3204.jpg\"><img src=\"http:\/\/www.mininous.fr\/wp-content\/media\/imgp3204.thumbnail.jpg\" alt=\"imgp3204.jpg\" \/><br \/>\n<\/a><\/p>\n<p><a href=\"http:\/\/www.mininous.fr\/wp-content\/media\/imgp3225.jpg\" title=\"imgp3225.jpg\"><img src=\"http:\/\/www.mininous.fr\/wp-content\/media\/imgp3225.thumbnail.jpg\" alt=\"imgp3225.jpg\" \/><\/a>\u00a0\u00a0 Bonjour l&rsquo;enthousiasme des cousins pour faire une photo de groupe!!! (\u00e0 la base on voulait une photo d&rsquo;eux 2 seuls qui se tenaient la main pour faire plaisir \u00e0 ma grand-m\u00e8re, mais Elisabeth ne le voyait pas de cet avis)<\/p>\n<p><a href=\"http:\/\/www.mininous.fr\/wp-content\/media\/imgp3255.jpg\" title=\"imgp3255.jpg\"><img src=\"http:\/\/www.mininous.fr\/wp-content\/media\/imgp3255.thumbnail.jpg\" alt=\"imgp3255.jpg\" \/><\/a>\u00a0 Bien gentils (ma grand-m\u00e8re n&rsquo;aura pas sa photo demand\u00e9e o\u00f9 ils se donnent la main mais celle-ci fera tr\u00e8s bien l&rsquo;affaire!)<\/p>\n<p><a href=\"http:\/\/www.mininous.fr\/wp-content\/media\/imgp3258.jpg\" title=\"imgp3258.jpg\"><img src=\"http:\/\/www.mininous.fr\/wp-content\/media\/imgp3258.thumbnail.jpg\" alt=\"imgp3258.jpg\" \/><\/a>\u00a0 Super crev\u00e9s apr\u00e8s cette excellente apr\u00e8s-midi dans un parc accrobranche pour enfants.<\/p>\n","protected":false},"excerpt":{"rendered":"<p>Les vacances avec \u00c9lisabeth \u00e9taient formidables car nous \u00e9tions ensemble pour un long moment et nous en avons bien profit\u00e9!<\/p>\n","protected":false},"author":2,"featured_media":0,"comment_status":"open","ping_status":"open","sticky":false,"template":"","format":"standard","meta":[],"categories":[4],"tags":[23,20,16],"_links":{"self":[{"href":"https:\/\/www.mininous.fr\/index.php?rest_route=\/wp\/v2\/posts\/781"}],"collection":[{"href":"https:\/\/www.mininous.fr\/index.php?rest_route=\/wp\/v2\/posts"}],"about":[{"href":"https:\/\/www.mininous.fr\/index.php?rest_route=\/wp\/v2\/types\/post"}],"author":[{"embeddable":true,"href":"https:\/\/www.mininous.fr\/index.php?rest_route=\/wp\/v2\/users\/2"}],"replies":[{"embeddable":true,"href":"https:\/\/www.mininous.fr\/index.php?rest_route=%2Fwp%2Fv2%2Fcomments&post=781"}],"version-history":[{"count":0,"href":"https:\/\/www.mininous.fr\/index.php?rest_route=\/wp\/v2\/posts\/781\/revisions"}],"wp:attachment":[{"href":"https:\/\/www.mininous.fr\/index.php?rest_route=%2Fwp%2Fv2%2Fmedia&parent=781"}],"wp:term":[{"taxonomy":"category","embeddable":true,"href":"https:\/\/www.mininous.fr\/index.php?rest_route=%2Fwp%2Fv2%2Fcategories&post=781"},{"taxonomy":"post_tag","embeddable":true,"href":"https:\/\/www.mininous.fr\/index.php?rest_route=%2Fwp%2Fv2%2Ftags&post=781"}],"curies":[{"name":"wp","href":"https:\/\/api.w.org\/{rel}","templated":true}]}}