{"id":784,"date":"2009-08-19T17:49:11","date_gmt":"2009-08-19T17:49:11","guid":{"rendered":"http:\/\/www.mininous.fr\/?p=784"},"modified":"2009-08-19T17:49:11","modified_gmt":"2009-08-19T17:49:11","slug":"vacances-2009-acte-2","status":"publish","type":"post","link":"https:\/\/www.mininous.fr\/?p=784","title":{"rendered":"Vacances 2009, acte 2"},"content":{"rendered":"<p><img loading=\"lazy\" src=\"http:\/\/www.mininous.fr\/wp-content\/media\/imgp33791.jpg\" alt=\"imgp33791.jpg\" height=\"307\" width=\"492\" \/><\/p>\n<p>L&rsquo;acte 2 des vacances de notre Mininous s&rsquo;est d\u00e9roul\u00e9 \u00e0 Royan.<!--more--><\/p>\n<p>Le programme fut principalement compos\u00e9 de plages, de march\u00e9s et bonnes siestes. Nous y avons vu mes parents et un peu de famille, puis nous avons pass\u00e9 1 semaine tous les trois. Pour la plage, nous avons jou\u00e9 avec une alternance de plages diverses: Pontaillac, le Chay, la C\u00f4te Sauvage&#8230; Ca fait vraiment plaisir de pouvoir en profiter avec \u00c9lisabeth, l&rsquo;ann\u00e9e derni\u00e8re avait \u00e9t\u00e9 une ann\u00e9e de disette totale. On peut dire qu&rsquo;elle nous a bien suivi, cette petite baroudeuse. Accroch\u00e9e sur mes \u00e9paules, elle a grimp\u00e9 des dunes, puis mang\u00e9 sur la plage, travers\u00e9 une ba\u00efne! Bien \u00e9quip\u00e9e de chapeau, lunettes, tenue anti-UV et cr\u00e8me solaire, elle a pris doucement des couleurs, en jouant sur la plage. Bon, ses pas ne sont pas encore totalement assur\u00e9s dans le sable, mais elle n&rsquo;a pas (encore?) peur des vagues. Du coup, elle n&rsquo;a aucune conscience du danger.<\/p>\n<p>La seule ombre au tableau est l&rsquo;impossibilit\u00e9 de la faire dormir sous le parasol ou dans sa tente. Par contre, une fois dans la voiture, la route du retour se fait dans un profond sommeil&#8230;<\/p>\n<p><a href=\"http:\/\/www.mininous.fr\/wp-content\/media\/imgp32591.jpg\" title=\"imgp32591.jpg\"><img src=\"http:\/\/www.mininous.fr\/wp-content\/media\/imgp32591.thumbnail.jpg\" alt=\"imgp32591.jpg\" \/><\/a><\/p>\n<p><a href=\"http:\/\/www.mininous.fr\/wp-content\/media\/imgp32641.jpg\" title=\"imgp32641.jpg\"><img src=\"http:\/\/www.mininous.fr\/wp-content\/media\/imgp32641.thumbnail.jpg\" alt=\"imgp32641.jpg\" \/><\/a> <a href=\"http:\/\/www.mininous.fr\/wp-content\/media\/imgp33361.jpg\" title=\"imgp33361.jpg\"><img src=\"http:\/\/www.mininous.fr\/wp-content\/media\/imgp33361.thumbnail.jpg\" alt=\"imgp33361.jpg\" \/><\/a><\/p>\n<p><a href=\"http:\/\/www.mininous.fr\/wp-content\/media\/imgp33401.jpg\" title=\"imgp33401.jpg\"><img src=\"http:\/\/www.mininous.fr\/wp-content\/media\/imgp33401.thumbnail.jpg\" alt=\"imgp33401.jpg\" \/><\/a><\/p>\n<p><a href=\"http:\/\/www.mininous.fr\/wp-content\/media\/imgp33651.jpg\" title=\"imgp33651.jpg\"><img src=\"http:\/\/www.mininous.fr\/wp-content\/media\/imgp33651.thumbnail.jpg\" alt=\"imgp33651.jpg\" \/><\/a><a href=\"http:\/\/www.mininous.fr\/wp-content\/media\/imgp33721.jpg\" title=\"imgp33721.jpg\"><img src=\"http:\/\/www.mininous.fr\/wp-content\/media\/imgp33721.thumbnail.jpg\" alt=\"imgp33721.jpg\" \/><\/a><\/p>\n<p><a href=\"http:\/\/www.mininous.fr\/wp-content\/media\/imgp34091.jpg\" title=\"imgp34091.jpg\"><img src=\"http:\/\/www.mininous.fr\/wp-content\/media\/imgp34091.thumbnail.jpg\" alt=\"imgp34091.jpg\" \/><\/a><\/p>\n<p><a href=\"http:\/\/www.mininous.fr\/wp-content\/media\/imgp34211.jpg\" title=\"imgp34211.jpg\"><img src=\"http:\/\/www.mininous.fr\/wp-content\/media\/imgp34211.thumbnail.jpg\" alt=\"imgp34211.jpg\" \/><\/a><a href=\"http:\/\/www.mininous.fr\/wp-content\/media\/imgp34241.jpg\" title=\"imgp34241.jpg\"><img src=\"http:\/\/www.mininous.fr\/wp-content\/media\/imgp34241.thumbnail.jpg\" alt=\"imgp34241.jpg\" \/><\/a><\/p>\n<p>A noter les photos, son premier bobo au genoux! A force de chutes dans des nouveaux environnements, on a eu du mal \u00e0 le faire cicatriser.<\/p>\n","protected":false},"excerpt":{"rendered":"<p>L&rsquo;acte 2 des vacances de notre Mininous s&rsquo;est d\u00e9roul\u00e9 \u00e0 Royan.<\/p>\n","protected":false},"author":1,"featured_media":0,"comment_status":"open","ping_status":"open","sticky":false,"template":"","format":"standard","meta":[],"categories":[5],"tags":[7,14,20],"_links":{"self":[{"href":"https:\/\/www.mininous.fr\/index.php?rest_route=\/wp\/v2\/posts\/784"}],"collection":[{"href":"https:\/\/www.mininous.fr\/index.php?rest_route=\/wp\/v2\/posts"}],"about":[{"href":"https:\/\/www.mininous.fr\/index.php?rest_route=\/wp\/v2\/types\/post"}],"author":[{"embeddable":true,"href":"https:\/\/www.mininous.fr\/index.php?rest_route=\/wp\/v2\/users\/1"}],"replies":[{"embeddable":true,"href":"https:\/\/www.mininous.fr\/index.php?rest_route=%2Fwp%2Fv2%2Fcomments&post=784"}],"version-history":[{"count":0,"href":"https:\/\/www.mininous.fr\/index.php?rest_route=\/wp\/v2\/posts\/784\/revisions"}],"wp:attachment":[{"href":"https:\/\/www.mininous.fr\/index.php?rest_route=%2Fwp%2Fv2%2Fmedia&parent=784"}],"wp:term":[{"taxonomy":"category","embeddable":true,"href":"https:\/\/www.mininous.fr\/index.php?rest_route=%2Fwp%2Fv2%2Fcategories&post=784"},{"taxonomy":"post_tag","embeddable":true,"href":"https:\/\/www.mininous.fr\/index.php?rest_route=%2Fwp%2Fv2%2Ftags&post=784"}],"curies":[{"name":"wp","href":"https:\/\/api.w.org\/{rel}","templated":true}]}}