{"id":79,"date":"2008-03-25T19:02:24","date_gmt":"2008-03-25T19:02:24","guid":{"rendered":"http:\/\/www.mininous.fr\/?p=79"},"modified":"2008-03-27T18:11:19","modified_gmt":"2008-03-27T18:11:19","slug":"adorable","status":"publish","type":"post","link":"https:\/\/www.mininous.fr\/?p=79","title":{"rendered":"Adorable! :)"},"content":{"rendered":"<p><a href=\"http:\/\/www.mininous.fr\/wp-content\/media\/dscn2533.jpg\" title=\"dscn2533.jpg\"><img src=\"http:\/\/www.mininous.fr\/wp-content\/media\/dscn2533.thumbnail.jpg\" alt=\"dscn2533.jpg\" \/><\/a><a href=\"http:\/\/www.mininous.fr\/wp-content\/media\/dscn2535.jpg\" title=\"dscn2535.jpg\"><img src=\"http:\/\/www.mininous.fr\/wp-content\/media\/dscn2535.thumbnail.jpg\" alt=\"dscn2535.jpg\" \/> <\/a><\/p>\n<p>Aujourd&rsquo;hui Elisabeth a montr\u00e9 \u00e0 son papa (\u00e0 son grand d\u00e9sespoir) que non contente d&rsquo;avoir une maxi-sucette aux couleurs chatoyantes, elle sait aussi sucer son pouce&#8230; \u00e7a reste encore peu fr\u00e9quent mais \u00e7a donne une photo adorable (surtout avec le premier v\u00eatement achet\u00e9 par sa maman il y a quelques mois maintenant)<\/p>\n<p>C&rsquo;\u00e9tait ce matin dans son lit apr\u00e8s le tumultueux bain matinal (on admire au passage la fl\u00e8che confectionn\u00e9e avec soin par sa bienveillante tatie Virginie)<\/p>\n<p>L&rsquo;instant de gr\u00e2ce n&rsquo;a pas dur\u00e9 longtemps mais a ravi sa maman! \ud83d\ude09<\/p>\n","protected":false},"excerpt":{"rendered":"<p>Aujourd&rsquo;hui Elisabeth a montr\u00e9 \u00e0 son papa (\u00e0 son grand d\u00e9sespoir) que non contente d&rsquo;avoir une maxi-sucette aux couleurs chatoyantes, elle sait aussi sucer son pouce&#8230; \u00e7a reste encore peu fr\u00e9quent mais \u00e7a donne une photo adorable (surtout avec le premier v\u00eatement achet\u00e9 par sa maman il y a quelques mois maintenant) C&rsquo;\u00e9tait ce matin [&hellip;]<\/p>\n","protected":false},"author":2,"featured_media":0,"comment_status":"open","ping_status":"open","sticky":false,"template":"","format":"standard","meta":[],"categories":[13],"tags":[10],"_links":{"self":[{"href":"https:\/\/www.mininous.fr\/index.php?rest_route=\/wp\/v2\/posts\/79"}],"collection":[{"href":"https:\/\/www.mininous.fr\/index.php?rest_route=\/wp\/v2\/posts"}],"about":[{"href":"https:\/\/www.mininous.fr\/index.php?rest_route=\/wp\/v2\/types\/post"}],"author":[{"embeddable":true,"href":"https:\/\/www.mininous.fr\/index.php?rest_route=\/wp\/v2\/users\/2"}],"replies":[{"embeddable":true,"href":"https:\/\/www.mininous.fr\/index.php?rest_route=%2Fwp%2Fv2%2Fcomments&post=79"}],"version-history":[{"count":0,"href":"https:\/\/www.mininous.fr\/index.php?rest_route=\/wp\/v2\/posts\/79\/revisions"}],"wp:attachment":[{"href":"https:\/\/www.mininous.fr\/index.php?rest_route=%2Fwp%2Fv2%2Fmedia&parent=79"}],"wp:term":[{"taxonomy":"category","embeddable":true,"href":"https:\/\/www.mininous.fr\/index.php?rest_route=%2Fwp%2Fv2%2Fcategories&post=79"},{"taxonomy":"post_tag","embeddable":true,"href":"https:\/\/www.mininous.fr\/index.php?rest_route=%2Fwp%2Fv2%2Ftags&post=79"}],"curies":[{"name":"wp","href":"https:\/\/api.w.org\/{rel}","templated":true}]}}