{"id":832,"date":"2009-09-08T20:00:54","date_gmt":"2009-09-08T20:00:54","guid":{"rendered":"http:\/\/www.mininous.fr\/?p=832"},"modified":"2009-11-16T21:11:52","modified_gmt":"2009-11-16T21:11:52","slug":"1er-biberon-seule","status":"publish","type":"post","link":"https:\/\/www.mininous.fr\/?p=832","title":{"rendered":"1er biberon seule"},"content":{"rendered":"<p>Alors qu&rsquo;Elisabeth a commenc\u00e9 son apprentissage du repas avec cuill\u00e8re, elle nous a honor\u00e9 dimanche matin du premier biberon qu&rsquo;elle a tenu toute seule<!--more--><\/p>\n<p>En fait, Dimanche matin 06 septembre 2009, je me suis pr\u00e9par\u00e9 \u00e0 lui donner comme d&rsquo;habitude. Mais, sans trop me poser de questions, je lui ai tendu son biberon et naturellement, elle l&rsquo;a mis \u00e0 la bouche et l&rsquo;a tenu toute seule, assise dans le canap\u00e9. Je n&rsquo;osais plus bouger, mais il fallait immortaliser ce moment. J&rsquo;ai donc pu me lever, attraper l&rsquo;appareil et la filmer. Le pire c&rsquo;est qu&rsquo;elle a eu tous les gestes qu&rsquo;il fallait pour le terminer. A la fin, elle l&rsquo;a pos\u00e9 comme si elle faisait \u00e7a tous les jours.<\/p>\n<p>Depuis elle les prend tous toute seule.<\/p>\n<p>Bon, \u00e0 l&rsquo;aube de ses 18 mois, c&rsquo;est juste incroyable. On attendait cela depuis pr\u00e8s d&rsquo;un an, d\u00e8s le moment ou nous avons senti qu&rsquo;elle avait la force, mais sans succ\u00e8s. C&rsquo;est un peu le d\u00e9but de la fin des \u00ab\u00a0bib&rsquo;s\u00a0\u00bb en tant que b\u00e9b\u00e9 ce qui nous fait bizarre.<\/p>\n<p>On peut en conclure qu&rsquo;avec notre mininous, c&rsquo;est juste quand elle veut!<\/p>\n<p>[youtube YVTFep8cpTc nolink]<\/p>\n","protected":false},"excerpt":{"rendered":"<p>Alors qu&rsquo;Elisabeth a commenc\u00e9 son apprentissage du repas avec cuill\u00e8re, elle nous a honor\u00e9 dimanche matin du premier biberon qu&rsquo;elle a tenu toute seule<\/p>\n","protected":false},"author":1,"featured_media":0,"comment_status":"open","ping_status":"open","sticky":false,"template":"","format":"standard","meta":[],"categories":[13],"tags":[11,7,10,17],"_links":{"self":[{"href":"https:\/\/www.mininous.fr\/index.php?rest_route=\/wp\/v2\/posts\/832"}],"collection":[{"href":"https:\/\/www.mininous.fr\/index.php?rest_route=\/wp\/v2\/posts"}],"about":[{"href":"https:\/\/www.mininous.fr\/index.php?rest_route=\/wp\/v2\/types\/post"}],"author":[{"embeddable":true,"href":"https:\/\/www.mininous.fr\/index.php?rest_route=\/wp\/v2\/users\/1"}],"replies":[{"embeddable":true,"href":"https:\/\/www.mininous.fr\/index.php?rest_route=%2Fwp%2Fv2%2Fcomments&post=832"}],"version-history":[{"count":0,"href":"https:\/\/www.mininous.fr\/index.php?rest_route=\/wp\/v2\/posts\/832\/revisions"}],"wp:attachment":[{"href":"https:\/\/www.mininous.fr\/index.php?rest_route=%2Fwp%2Fv2%2Fmedia&parent=832"}],"wp:term":[{"taxonomy":"category","embeddable":true,"href":"https:\/\/www.mininous.fr\/index.php?rest_route=%2Fwp%2Fv2%2Fcategories&post=832"},{"taxonomy":"post_tag","embeddable":true,"href":"https:\/\/www.mininous.fr\/index.php?rest_route=%2Fwp%2Fv2%2Ftags&post=832"}],"curies":[{"name":"wp","href":"https:\/\/api.w.org\/{rel}","templated":true}]}}