{"id":852,"date":"2009-10-11T20:32:26","date_gmt":"2009-10-11T20:32:26","guid":{"rendered":"http:\/\/www.mininous.fr\/?p=852"},"modified":"2009-10-11T20:54:44","modified_gmt":"2009-10-11T20:54:44","slug":"week-end-du-101009","status":"publish","type":"post","link":"https:\/\/www.mininous.fr\/?p=852","title":{"rendered":"Week end du 10\/10\/09"},"content":{"rendered":"<p><img loading=\"lazy\" src=\"http:\/\/www.mininous.fr\/wp-content\/media\/imgp3826.jpg\" alt=\"imgp3826.jpg\" height=\"239\" width=\"497\" \/><\/p>\n<p><!--more-->Nous avons \u00ab\u00a0kiff\u00e9\u00a0\u00bb notre petite Elisabeth tout le week end et c&rsquo;\u00e9tait trop bon!<\/p>\n<p>Il faut dire qu&rsquo;elle a \u00e9t\u00e9 adorable!<\/p>\n<p>Samedi matin au r\u00e9veil, Elisabeth a tendu le doigt vers Cali et a attendu que celle-ci la sente avant de la toucher, tactique payante et j&rsquo;ai vite attrap\u00e9 l&rsquo;appareil photo pour immortaliser \u00e7a. Nous progressons dans l&rsquo;entente chat-grand b\u00e9b\u00e9, m\u00eame si Elisabeth s&#8217;emporte en voulant la serrer contre elle comme une peluche, avec la d\u00e9licatesse qu&rsquo;on lui connait&#8230;<\/p>\n<p>En tout cas elle \u00e9tait super contente!<\/p>\n<p><a href=\"http:\/\/www.mininous.fr\/wp-content\/media\/imgp3855.jpg\" title=\"imgp3855.jpg\"><img src=\"http:\/\/www.mininous.fr\/wp-content\/media\/imgp3855.thumbnail.jpg\" alt=\"imgp3855.jpg\" \/><\/a><a href=\"http:\/\/www.mininous.fr\/wp-content\/media\/imgp3815.jpg\" title=\"imgp3815.jpg\"><img src=\"http:\/\/www.mininous.fr\/wp-content\/media\/imgp3815.thumbnail.jpg\" alt=\"imgp3815.jpg\" \/><\/a><\/p>\n<p>A ce propos, elle l&rsquo;appelle d\u00e9sormais par son pr\u00e9nom, \u00e7a donne: \u00ab\u00a0Caaahii\u00a0\u00bb.<\/p>\n<p><a href=\"http:\/\/www.mininous.fr\/wp-content\/media\/imgp3819.jpg\" title=\"imgp3819.jpg\"><img src=\"http:\/\/www.mininous.fr\/wp-content\/media\/imgp3819.thumbnail.jpg\" alt=\"imgp3819.jpg\" \/><\/a> Le go\u00fbter \u00e9tait marrant!<\/p>\n<p>Grosse animation en ville: Evento + f\u00eate foraine; on s&rsquo;y est donc rendu en tram, o\u00f9 elle a \u00e9t\u00e9 bien sage et attentive<\/p>\n<p><a href=\"http:\/\/www.mininous.fr\/wp-content\/media\/imgp3825.jpg\" title=\"imgp3825.jpg\"><img src=\"http:\/\/www.mininous.fr\/wp-content\/media\/imgp3825.thumbnail.jpg\" alt=\"imgp3825.jpg\" \/><\/a><\/p>\n<p><a href=\"http:\/\/www.mininous.fr\/wp-content\/media\/imgp3835.jpg\" title=\"imgp3835.jpg\"><img src=\"http:\/\/www.mininous.fr\/wp-content\/media\/imgp3835.thumbnail.jpg\" alt=\"imgp3835.jpg\" \/><\/a>\u00a0 Trop mimi en \u00ab\u00a0culotte courte\u00a0\u00bb!<\/p>\n<p>Nous sommes mont\u00e9s sur le \u00ab\u00a0pont \u00e9ph\u00e9m\u00e8re\u00a0\u00bb, c&rsquo;\u00e9tait l&rsquo;endroit id\u00e9al pour faire une photo \u00e0 faire d\u00e9velopper et \u00e0 envoyer dans la famille car il y a le pont de Pierre en arri\u00e8re plan. \u00e7a aurait fait joli, oui. Mais Elisabeth nous gratifie de magnifiques expressions et sourires en tout genre, essentiellement quand on ne prend pas de photo&#8230;<\/p>\n<p><img src=\"http:\/\/www.mininous.fr\/wp-content\/media\/84484748-ac3a-11de-920f-a4e.thumbnail.jpg\" alt=\"84484748-ac3a-11de-920f-a4e.jpg\" \/>Voici une photo du fameux pont, avant l&rsquo;arriv\u00e9e de la Foire. (Photo trouv\u00e9e sur le net, c&rsquo;\u00e9tait trop bond\u00e9 quand nous y sommes all\u00e9s pour en faire une correcte)<\/p>\n<p><a href=\"http:\/\/www.mininous.fr\/wp-content\/media\/imgp3836.jpg\" title=\"imgp3836.jpg\"><img src=\"http:\/\/www.mininous.fr\/wp-content\/media\/imgp3836.thumbnail.jpg\" alt=\"imgp3836.jpg\" \/><\/a>\u00a0 Elle aime faire \u00ab\u00a0coucou\u00a0\u00bb et dire \u00ab\u00a0au revoir\u00a0\u00bb (m\u00eame quand on sort de la voiture ou de l&rsquo;ascenseur!)<\/p>\n<p><a href=\"http:\/\/www.mininous.fr\/wp-content\/media\/imgp3837.jpg\" title=\"imgp3837.jpg\"><img src=\"http:\/\/www.mininous.fr\/wp-content\/media\/imgp3837.thumbnail.jpg\" alt=\"imgp3837.jpg\" \/><\/a><a href=\"http:\/\/www.mininous.fr\/wp-content\/media\/imgp3841.jpg\" title=\"imgp3841.jpg\"><img src=\"http:\/\/www.mininous.fr\/wp-content\/media\/imgp3841.thumbnail.jpg\" alt=\"imgp3841.jpg\" \/><\/a>\u00a0 Tr\u00e8s parlante cette derni\u00e8re photo!<\/p>\n<p><a href=\"http:\/\/www.mininous.fr\/wp-content\/media\/imgp3843.jpg\" title=\"imgp3843.jpg\"><img src=\"http:\/\/www.mininous.fr\/wp-content\/media\/imgp3843.thumbnail.jpg\" alt=\"imgp3843.jpg\" \/><\/a> Petite panth\u00e8re! (pas facile \u00e0 maitriser!)<\/p>\n<p><a href=\"http:\/\/www.mininous.fr\/wp-content\/media\/imgp3849.jpg\" title=\"imgp3849.jpg\"><img src=\"http:\/\/www.mininous.fr\/wp-content\/media\/imgp3849.thumbnail.jpg\" alt=\"imgp3849.jpg\" \/><\/a>\u00a0 On la dirait pensive face \u00e0 la Garonne!<\/p>\n<p><a href=\"http:\/\/www.mininous.fr\/wp-content\/media\/imgp3856.jpg\" title=\"imgp3856.jpg\"><img src=\"http:\/\/www.mininous.fr\/wp-content\/media\/imgp3856.thumbnail.jpg\" alt=\"imgp3856.jpg\" \/><\/a>\u00a0 Pour finir la s\u00e9rie de photos: dimanche matin, version \u00ab\u00a0podium\u00a0\u00bb dans sa petite robe.<\/p>\n","protected":false},"excerpt":{"rendered":"","protected":false},"author":2,"featured_media":0,"comment_status":"open","ping_status":"open","sticky":false,"template":"","format":"standard","meta":[],"categories":[13],"tags":[23,15,12,31],"_links":{"self":[{"href":"https:\/\/www.mininous.fr\/index.php?rest_route=\/wp\/v2\/posts\/852"}],"collection":[{"href":"https:\/\/www.mininous.fr\/index.php?rest_route=\/wp\/v2\/posts"}],"about":[{"href":"https:\/\/www.mininous.fr\/index.php?rest_route=\/wp\/v2\/types\/post"}],"author":[{"embeddable":true,"href":"https:\/\/www.mininous.fr\/index.php?rest_route=\/wp\/v2\/users\/2"}],"replies":[{"embeddable":true,"href":"https:\/\/www.mininous.fr\/index.php?rest_route=%2Fwp%2Fv2%2Fcomments&post=852"}],"version-history":[{"count":0,"href":"https:\/\/www.mininous.fr\/index.php?rest_route=\/wp\/v2\/posts\/852\/revisions"}],"wp:attachment":[{"href":"https:\/\/www.mininous.fr\/index.php?rest_route=%2Fwp%2Fv2%2Fmedia&parent=852"}],"wp:term":[{"taxonomy":"category","embeddable":true,"href":"https:\/\/www.mininous.fr\/index.php?rest_route=%2Fwp%2Fv2%2Fcategories&post=852"},{"taxonomy":"post_tag","embeddable":true,"href":"https:\/\/www.mininous.fr\/index.php?rest_route=%2Fwp%2Fv2%2Ftags&post=852"}],"curies":[{"name":"wp","href":"https:\/\/api.w.org\/{rel}","templated":true}]}}