{"id":898,"date":"2009-11-29T21:18:12","date_gmt":"2009-11-29T21:18:12","guid":{"rendered":"http:\/\/www.mininous.fr\/?p=898"},"modified":"2009-11-29T21:18:12","modified_gmt":"2009-11-29T21:18:12","slug":"compositions-verbales","status":"publish","type":"post","link":"https:\/\/www.mininous.fr\/?p=898","title":{"rendered":"Compositions verbales"},"content":{"rendered":"<p><img loading=\"lazy\" src=\"http:\/\/www.mininous.fr\/wp-content\/media\/imgp4021.jpg\" alt=\"imgp4021.jpg\" height=\"666\" width=\"500\" \/><\/p>\n<p>Depuis quelques jours, nous avons relev\u00e9 qu&rsquo;Elisabeth commence \u00e0 faire des phrases, c&rsquo;est \u00e0 dire aligner 3 mots!<!--more--><\/p>\n<p>Nous avons remarqu\u00e9 le premier enchainement vendredi soir en sortant de chez la nounou lorsqu&rsquo;elle a dit \u00ab\u00a0au revoir tatie\u00a0\u00bb.<\/p>\n<p>Ensuite dans le week-end, elle a enchain\u00e9 des mots du genre \u00ab\u00a0maman regarde, oiseaux!\u00a0\u00bb, en regardant par la fen\u00eatre de sa chambre, \u00e7a nous a bluff\u00e9!! On est ravis, car, cela veut dire qu&rsquo;elle \u00e9volue bien. Les \u00e9changes seront de plus en plus riches.<\/p>\n<p>Elle d\u00e9veloppe doucement son vocabulaire, plus ou moins bien prononc\u00e9, mais il s&rsquo;enrichit de mots nouveaux comme chaussons, yaourt, pain, coq! Son top 3 \u00e9tant papa, maman, chat!<\/p>\n<p><a href=\"http:\/\/www.mininous.fr\/wp-content\/media\/imgp4018.jpg\" title=\"imgp4018.jpg\"><img src=\"http:\/\/www.mininous.fr\/wp-content\/media\/imgp4018.thumbnail.jpg\" alt=\"imgp4018.jpg\" \/><\/a><a href=\"http:\/\/www.mininous.fr\/wp-content\/media\/imgp4024.jpg\" title=\"imgp4024.jpg\"><img src=\"http:\/\/www.mininous.fr\/wp-content\/media\/imgp4024.thumbnail.jpg\" alt=\"imgp4024.jpg\" \/><\/a><a href=\"http:\/\/www.mininous.fr\/wp-content\/media\/imgp4026.jpg\" title=\"imgp4026.jpg\"><img src=\"http:\/\/www.mininous.fr\/wp-content\/media\/imgp4026.thumbnail.jpg\" alt=\"imgp4026.jpg\" \/><\/a><a href=\"http:\/\/www.mininous.fr\/wp-content\/media\/imgp4028.jpg\" title=\"imgp4028.jpg\"><img src=\"http:\/\/www.mininous.fr\/wp-content\/media\/imgp4028.thumbnail.jpg\" alt=\"imgp4028.jpg\" \/><\/a><\/p>\n<p>Et en bonus d&rsquo;autres photos avec Cali dont le regard est tr\u00e8s \u00e9vocateur!!!<\/p>\n<p><a href=\"http:\/\/www.mininous.fr\/wp-content\/media\/imgp4036.jpg\" title=\"imgp4036.jpg\"><img src=\"http:\/\/www.mininous.fr\/wp-content\/media\/imgp4036.thumbnail.jpg\" alt=\"imgp4036.jpg\" \/><\/a><a href=\"http:\/\/www.mininous.fr\/wp-content\/media\/imgp4038.jpg\" title=\"imgp4038.jpg\"><img src=\"http:\/\/www.mininous.fr\/wp-content\/media\/imgp4038.thumbnail.jpg\" alt=\"imgp4038.jpg\" \/><\/a><a href=\"http:\/\/www.mininous.fr\/wp-content\/media\/imgp4039.jpg\" title=\"imgp4039.jpg\"><img src=\"http:\/\/www.mininous.fr\/wp-content\/media\/imgp4039.thumbnail.jpg\" alt=\"imgp4039.jpg\" \/><\/a><a href=\"http:\/\/www.mininous.fr\/wp-content\/media\/imgp4040.jpg\" title=\"imgp4040.jpg\"><img src=\"http:\/\/www.mininous.fr\/wp-content\/media\/imgp4040.thumbnail.jpg\" alt=\"imgp4040.jpg\" \/><\/a><\/p>\n","protected":false},"excerpt":{"rendered":"<p>Depuis quelques jours, nous avons relev\u00e9 qu&rsquo;Elisabeth commence \u00e0 faire des phrases, c&rsquo;est \u00e0 dire aligner 3 mots!<\/p>\n","protected":false},"author":4,"featured_media":0,"comment_status":"open","ping_status":"open","sticky":false,"template":"","format":"standard","meta":[],"categories":[13],"tags":[23,30,10,31],"_links":{"self":[{"href":"https:\/\/www.mininous.fr\/index.php?rest_route=\/wp\/v2\/posts\/898"}],"collection":[{"href":"https:\/\/www.mininous.fr\/index.php?rest_route=\/wp\/v2\/posts"}],"about":[{"href":"https:\/\/www.mininous.fr\/index.php?rest_route=\/wp\/v2\/types\/post"}],"author":[{"embeddable":true,"href":"https:\/\/www.mininous.fr\/index.php?rest_route=\/wp\/v2\/users\/4"}],"replies":[{"embeddable":true,"href":"https:\/\/www.mininous.fr\/index.php?rest_route=%2Fwp%2Fv2%2Fcomments&post=898"}],"version-history":[{"count":0,"href":"https:\/\/www.mininous.fr\/index.php?rest_route=\/wp\/v2\/posts\/898\/revisions"}],"wp:attachment":[{"href":"https:\/\/www.mininous.fr\/index.php?rest_route=%2Fwp%2Fv2%2Fmedia&parent=898"}],"wp:term":[{"taxonomy":"category","embeddable":true,"href":"https:\/\/www.mininous.fr\/index.php?rest_route=%2Fwp%2Fv2%2Fcategories&post=898"},{"taxonomy":"post_tag","embeddable":true,"href":"https:\/\/www.mininous.fr\/index.php?rest_route=%2Fwp%2Fv2%2Ftags&post=898"}],"curies":[{"name":"wp","href":"https:\/\/api.w.org\/{rel}","templated":true}]}}