{"id":93,"date":"2008-03-30T16:47:43","date_gmt":"2008-03-30T16:47:43","guid":{"rendered":"http:\/\/www.mininous.fr\/?p=93"},"modified":"2008-04-04T16:46:33","modified_gmt":"2008-04-04T16:46:33","slug":"breves-de-week-end","status":"publish","type":"post","link":"https:\/\/www.mininous.fr\/?p=93","title":{"rendered":"Br\u00e8ves de week-end"},"content":{"rendered":"<p>Entre samedi et dimanche, on a v\u00e9cu la plus fabuleuse des nuits jamais connue avec Elisabeth. En gros, de 19h00 \u00e0 5h00, pas de piti\u00e9. Agit\u00e9e, \u00e9nerv\u00e9e, impossible de lui faire trouver le sommeil plus de 30 minutes.<\/p>\n<p>Pourtant dans l&rsquo;apr\u00e8s-midi de samadi, on a rendu visite \u00e0 ma grand-m\u00e8re pour lui pr\u00e9senter le ph\u00e9nom\u00e8ne. Un nouveau n\u00e9 dans une maison de retraite, je vous laisse imaginer. Elle a eu droit \u00e0 tous les superlatifs de la part des r\u00e9sidents, le plus fort \u00e9tant: \u00ab\u00a0qu&rsquo;elle a un joli teint\u00a0\u00bb. Ah ben tu m&rsquo;\u00e9tonnes, un peu de vie dans cet endroit si \u00e9trange&#8230;<br \/>\n<!--more--><br \/>\nSinon, presque 1 si\u00e8cle d&rsquo;\u00e9cart entre les 2: 94 ans versus 15 jours, c&rsquo;\u00e9tait assez sympa. Donc elle \u00e9tait bien mignonne pour son arri\u00e8re grand-m\u00e8re, \u00e9veill\u00e9e et souriante, pas de crie ou de pleurs, bref, l&rsquo;enfant mod\u00e8le. A peine rentr\u00e9e \u00e0 la maison, on l&rsquo;a faite manger et le drame a commenc\u00e9. Micro sommeil jusqu&rsquo;\u00e0 5h00. Si on rajoute la dessus le changement d&rsquo;heure, on se dit que nos efforts pour lui donner un rythme de sommeil plus nocturne ont \u00e9t\u00e9 r\u00e9duit \u00e0 n\u00e9ant en une seule nuit.<\/p>\n<p>Heureusement, une surprise ce matin, un soin de moins \u00e0 effectuer, le reste de cordon ombilical est tomb\u00e9. Donc bilan de la journ\u00e9e \u00e0 14h00, un bain, une t\u00e9t\u00e9 et au lit. Faut bien rattraper la nuit. Rendez-vous cette nuit pour de nouvelles aventures&#8230;<\/p>\n<p>Une petite photo du passage du ventre de nouveau n\u00e9 au ventre de b\u00e9b\u00e9:<\/p>\n<p><img src=\"http:\/\/www.mininous.fr\/wp-content\/media\/dscn2552.thumbnail.jpg\" alt=\"chute cordon\" \/><\/p>\n<p>Remarquez sa bonne mine du matin \ud83d\ude41<\/p>\n","protected":false},"excerpt":{"rendered":"<p>Entre samedi et dimanche, on a v\u00e9cu la plus fabuleuse des nuits jamais connue avec Elisabeth. En gros, de 19h00 \u00e0 5h00, pas de piti\u00e9. Agit\u00e9e, \u00e9nerv\u00e9e, impossible de lui faire trouver le sommeil plus de 30 minutes. Pourtant dans l&rsquo;apr\u00e8s-midi de samadi, on a rendu visite \u00e0 ma grand-m\u00e8re pour lui pr\u00e9senter le ph\u00e9nom\u00e8ne. [&hellip;]<\/p>\n","protected":false},"author":1,"featured_media":0,"comment_status":"open","ping_status":"open","sticky":false,"template":"","format":"standard","meta":[],"categories":[13],"tags":[7],"_links":{"self":[{"href":"https:\/\/www.mininous.fr\/index.php?rest_route=\/wp\/v2\/posts\/93"}],"collection":[{"href":"https:\/\/www.mininous.fr\/index.php?rest_route=\/wp\/v2\/posts"}],"about":[{"href":"https:\/\/www.mininous.fr\/index.php?rest_route=\/wp\/v2\/types\/post"}],"author":[{"embeddable":true,"href":"https:\/\/www.mininous.fr\/index.php?rest_route=\/wp\/v2\/users\/1"}],"replies":[{"embeddable":true,"href":"https:\/\/www.mininous.fr\/index.php?rest_route=%2Fwp%2Fv2%2Fcomments&post=93"}],"version-history":[{"count":0,"href":"https:\/\/www.mininous.fr\/index.php?rest_route=\/wp\/v2\/posts\/93\/revisions"}],"wp:attachment":[{"href":"https:\/\/www.mininous.fr\/index.php?rest_route=%2Fwp%2Fv2%2Fmedia&parent=93"}],"wp:term":[{"taxonomy":"category","embeddable":true,"href":"https:\/\/www.mininous.fr\/index.php?rest_route=%2Fwp%2Fv2%2Fcategories&post=93"},{"taxonomy":"post_tag","embeddable":true,"href":"https:\/\/www.mininous.fr\/index.php?rest_route=%2Fwp%2Fv2%2Ftags&post=93"}],"curies":[{"name":"wp","href":"https:\/\/api.w.org\/{rel}","templated":true}]}}