{"id":960,"date":"2010-01-17T20:49:32","date_gmt":"2010-01-17T20:49:32","guid":{"rendered":"http:\/\/www.mininous.fr\/?p=960"},"modified":"2010-01-18T15:19:01","modified_gmt":"2010-01-18T15:19:01","slug":"ptites-photos","status":"publish","type":"post","link":"https:\/\/www.mininous.fr\/?p=960","title":{"rendered":"Ptites photos"},"content":{"rendered":"<p><a href=\"http:\/\/www.mininous.fr\/wp-content\/media\/imgp4219.jpg\" title=\"imgp4219.jpg\"><img src=\"http:\/\/www.mininous.fr\/wp-content\/media\/imgp4219.thumbnail.jpg\" alt=\"imgp4219.jpg\" \/><\/a> <a href=\"http:\/\/www.mininous.fr\/wp-content\/media\/imgp4220.jpg\" title=\"imgp4220.jpg\"><img src=\"http:\/\/www.mininous.fr\/wp-content\/media\/imgp4220.thumbnail.jpg\" alt=\"imgp4220.jpg\" \/><\/a> <a href=\"http:\/\/www.mininous.fr\/wp-content\/media\/imgp4221.jpg\" title=\"imgp4221.jpg\"><img src=\"http:\/\/www.mininous.fr\/wp-content\/media\/imgp4221.thumbnail.jpg\" alt=\"imgp4221.jpg\" \/><br \/>\n<\/a><br \/>\n<!--more--><\/p>\n<p><a href=\"http:\/\/www.mininous.fr\/wp-content\/media\/imgp4225.jpg\" title=\"imgp4225.jpg\"><img src=\"http:\/\/www.mininous.fr\/wp-content\/media\/imgp4225.thumbnail.jpg\" alt=\"imgp4225.jpg\" \/><\/a><\/p>\n<p>Les cheveux poussent, \u00e7a devient plus long \u00e0 s\u00e9cher&#8230; on teste de nouvelles coiffures, on peut m\u00eame faire des couettes qui la rendent \u00ab\u00a0petite fille\u00a0\u00bb et plus \u00ab\u00a0b\u00e9b\u00e9\u00a0\u00bb<\/p>\n<p><a href=\"http:\/\/www.mininous.fr\/wp-content\/media\/imgp4233.jpg\" title=\"imgp4233.jpg\"><img src=\"http:\/\/www.mininous.fr\/wp-content\/media\/imgp4233.thumbnail.jpg\" alt=\"imgp4233.jpg\" \/><\/a><\/p>\n<p><a href=\"http:\/\/www.mininous.fr\/wp-content\/media\/imgp4234.jpg\" title=\"imgp4234.jpg\"><img src=\"http:\/\/www.mininous.fr\/wp-content\/media\/imgp4234.thumbnail.jpg\" alt=\"imgp4234.jpg\" \/><\/a><\/p>\n<p>Depuis sa naissance j&rsquo;avais cette salopette et j&rsquo;\u00e9tais impatiente qu&rsquo;elle la porte, mais l&rsquo;essayage n&rsquo;a pas \u00e9t\u00e9 concluant.<\/p>\n<p>Comme on le voit, le r\u00e9sultat est assez surprenant&#8230;le moins que l&rsquo;on puisse dire c&rsquo;est que \u00e7a change du slim!<\/p>\n<p><a href=\"http:\/\/www.mininous.fr\/wp-content\/media\/imgp4227.jpg\" title=\"imgp4227.jpg\"><img src=\"http:\/\/www.mininous.fr\/wp-content\/media\/imgp4227.thumbnail.jpg\" alt=\"imgp4227.jpg\" \/><\/a><\/p>\n","protected":false},"excerpt":{"rendered":"","protected":false},"author":2,"featured_media":0,"comment_status":"open","ping_status":"open","sticky":false,"template":"","format":"standard","meta":[],"categories":[13],"tags":[12],"_links":{"self":[{"href":"https:\/\/www.mininous.fr\/index.php?rest_route=\/wp\/v2\/posts\/960"}],"collection":[{"href":"https:\/\/www.mininous.fr\/index.php?rest_route=\/wp\/v2\/posts"}],"about":[{"href":"https:\/\/www.mininous.fr\/index.php?rest_route=\/wp\/v2\/types\/post"}],"author":[{"embeddable":true,"href":"https:\/\/www.mininous.fr\/index.php?rest_route=\/wp\/v2\/users\/2"}],"replies":[{"embeddable":true,"href":"https:\/\/www.mininous.fr\/index.php?rest_route=%2Fwp%2Fv2%2Fcomments&post=960"}],"version-history":[{"count":0,"href":"https:\/\/www.mininous.fr\/index.php?rest_route=\/wp\/v2\/posts\/960\/revisions"}],"wp:attachment":[{"href":"https:\/\/www.mininous.fr\/index.php?rest_route=%2Fwp%2Fv2%2Fmedia&parent=960"}],"wp:term":[{"taxonomy":"category","embeddable":true,"href":"https:\/\/www.mininous.fr\/index.php?rest_route=%2Fwp%2Fv2%2Fcategories&post=960"},{"taxonomy":"post_tag","embeddable":true,"href":"https:\/\/www.mininous.fr\/index.php?rest_route=%2Fwp%2Fv2%2Ftags&post=960"}],"curies":[{"name":"wp","href":"https:\/\/api.w.org\/{rel}","templated":true}]}}