{"id":967,"date":"2010-02-13T09:00:27","date_gmt":"2010-02-13T09:00:27","guid":{"rendered":"http:\/\/www.mininous.fr\/?p=967"},"modified":"2010-02-12T21:32:43","modified_gmt":"2010-02-12T21:32:43","slug":"2-ans-de-blog","status":"publish","type":"post","link":"https:\/\/www.mininous.fr\/?p=967","title":{"rendered":"2 ans de Blog"},"content":{"rendered":"<p>Voil\u00e0, cela fait 2 ans que le blog est en ligne. C&rsquo;est toujours avec autant de plaisir que nous \u00ab\u00a0posons sur papier\u00a0\u00bb, \u00ab\u00a0gravons dans la roche du web\u00a0\u00bb les aventures de notre petite Elisabeth. Cela veut donc dire aussi qu&rsquo;elle aura 2 ans dans 1 mois jour pour jour.<\/p>\n<p><!--more-->D&rsquo;abord, quelques statistiques sur le blog: il y a actuellement environ 140 articles et 300 commentaires, contenus dans 6 cat\u00e9gories et 26 tags.<\/p>\n<p>Il y a environ d\u00e9j\u00e0 750 photos et une bonne vingtaine de <a href=\"http:\/\/www.mininous.fr\/?tag=video\" target=\"_blank\">vid\u00e9os<\/a>. Tout \u00e7a pour vous raconter et surtout tenir \u00e0 jour le journal d&rsquo;Elisabeth.<\/p>\n<p>Niveau visite, je n&rsquo;ai pas toutes les visites car j&rsquo;ai d\u00e9m\u00e9nag\u00e9 le blog \u00e0 2 reprises. Ce qui est certains, c&rsquo;est que nous vous voyons passer: diff\u00e9rentes villes de France, diff\u00e9rentes r\u00e9gions du monde, comme le Canada, la Turquie, le Danemark, l&rsquo;Allemagne. Et encore, le site n&rsquo;est pas r\u00e9f\u00e9renc\u00e9!<\/p>\n<p>Le site a \u00e9galement chang\u00e9 de peau plus vite que pr\u00e9vue, avec ce <a href=\"http:\/\/www.mininous.fr\/?p=917\" target=\"_blank\">relookage<\/a>.<\/p>\n<p>Bref, tout \u00e7a pour dire que 2 ans \u00e0 tenir un blog, cela passe vite, cela vaut le coup et on esp\u00e8re que cela plaira \u00e0 Elisabeth, si un jour nous lui montrons.<\/p>\n<p>j&rsquo;ai relu le <a href=\"http:\/\/www.mininous.fr\/?p=525\">billet de l&rsquo;an dernier sur les 1 an du blog<\/a>, et le plaisir de noter les \u00e9tapes que traverse Elisabeth reste le m\u00eame. Comme vous l&rsquo;avez peut \u00eatre lu, les nouvelles de ces derniers jours ne sont pas tr\u00e8s bonnes, mais cela m\u00e9rite de l&rsquo;\u00e9crire tout de m\u00eame.<\/p>\n<p>En tout cas,\u00a0 j&rsquo;ajoute le m\u00eame lien que l&rsquo;an dernier, un excellent anniversaire \u00e0 <a href=\"http:\/\/www.caitlin.fr\/\" target=\"_blank\">Caitlin qui f\u00eate ses 2 ans!<\/a><\/p>\n<p><img loading=\"lazy\" src=\"http:\/\/www.caitlin.fr\/wp-content\/uploads\/2009\/12\/imgp9020.JPG\" height=\"274\" width=\"411\" \/><\/p>\n<p>Rob, pas de \u00a9 j&rsquo;esp\u00e8re? \ud83d\ude42<\/p>\n","protected":false},"excerpt":{"rendered":"<p>Voil\u00e0, cela fait 2 ans que le blog est en ligne. C&rsquo;est toujours avec autant de plaisir que nous \u00ab\u00a0posons sur papier\u00a0\u00bb, \u00ab\u00a0gravons dans la roche du web\u00a0\u00bb les aventures de notre petite Elisabeth. Cela veut donc dire aussi qu&rsquo;elle aura 2 ans dans 1 mois jour pour jour.<\/p>\n","protected":false},"author":1,"featured_media":0,"comment_status":"open","ping_status":"open","sticky":false,"template":"","format":"standard","meta":[],"categories":[29],"tags":[],"_links":{"self":[{"href":"https:\/\/www.mininous.fr\/index.php?rest_route=\/wp\/v2\/posts\/967"}],"collection":[{"href":"https:\/\/www.mininous.fr\/index.php?rest_route=\/wp\/v2\/posts"}],"about":[{"href":"https:\/\/www.mininous.fr\/index.php?rest_route=\/wp\/v2\/types\/post"}],"author":[{"embeddable":true,"href":"https:\/\/www.mininous.fr\/index.php?rest_route=\/wp\/v2\/users\/1"}],"replies":[{"embeddable":true,"href":"https:\/\/www.mininous.fr\/index.php?rest_route=%2Fwp%2Fv2%2Fcomments&post=967"}],"version-history":[{"count":0,"href":"https:\/\/www.mininous.fr\/index.php?rest_route=\/wp\/v2\/posts\/967\/revisions"}],"wp:attachment":[{"href":"https:\/\/www.mininous.fr\/index.php?rest_route=%2Fwp%2Fv2%2Fmedia&parent=967"}],"wp:term":[{"taxonomy":"category","embeddable":true,"href":"https:\/\/www.mininous.fr\/index.php?rest_route=%2Fwp%2Fv2%2Fcategories&post=967"},{"taxonomy":"post_tag","embeddable":true,"href":"https:\/\/www.mininous.fr\/index.php?rest_route=%2Fwp%2Fv2%2Ftags&post=967"}],"curies":[{"name":"wp","href":"https:\/\/api.w.org\/{rel}","templated":true}]}}