{"id":970,"date":"2010-01-31T21:13:23","date_gmt":"2010-01-31T21:13:23","guid":{"rendered":"http:\/\/www.mininous.fr\/?p=970"},"modified":"2010-01-31T21:13:23","modified_gmt":"2010-01-31T21:13:23","slug":"bisous-de-la-grande-fille","status":"publish","type":"post","link":"https:\/\/www.mininous.fr\/?p=970","title":{"rendered":"Bisous de la grande fille"},"content":{"rendered":"<p><img loading=\"lazy\" src=\"http:\/\/www.mininous.fr\/wp-content\/media\/imgp4271.jpg\" alt=\"imgp4271.jpg\" height=\"185\" width=\"248\" \/><img loading=\"lazy\" src=\"http:\/\/www.mininous.fr\/wp-content\/media\/imgp4272.jpg\" alt=\"imgp4272.jpg\" height=\"185\" width=\"248\" \/><\/p>\n<p>Lors d&rsquo;une petite s\u00e9ance photo dans la salle de bain, Elisabeth nous a paru bien chang\u00e9e! On peut constater un changement physique mais aussi dans son comportement. Une vraie \u00ab\u00a0jeune fille\u00a0\u00bb!<\/p>\n<p><!--more--><\/p>\n<p>Les cheveux poussent, les formes de b\u00e9b\u00e9 disparaissent progressivement, au profit d&rsquo;un corps d&rsquo;enfant. Elle reste tout de m\u00eame notre b\u00e9b\u00e9, tr\u00e8s d\u00e9pendante, mais ces photos t\u00e9moignent d&rsquo;une certaine \u00e9volution.<\/p>\n<p>Par contre, depuis quelques temps, son comportement a \u00e9galement chang\u00e9 puisque Miss Elisabteh r\u00e9pond. Et oui, quand on la dispute, madame nous adresse de longs regards soutenus, avant de nous lancer un \u00ab\u00a0NON\u00a0\u00bb tr\u00e8s affirm\u00e9. En fait, j&rsquo;imagine qu&rsquo;elle est surtout vex\u00e9e d&rsquo;une petite tape sur les fesses lorsqu&rsquo;apr\u00e8s plusieurs interdictions, elle continue jusqu&rsquo;\u00e0 la b\u00eatise. Bon elle porte quand m\u00eame un couche, donc pas de n&rsquo;imaginez pas qu&rsquo;elle est mal trait\u00e9e&#8230; Summum de la r\u00e9bellion, elle va s&rsquo;enfermer dans chambre toute seule.<\/p>\n<p>On le prend pour le moment avec le sourire, on n&rsquo;applique pas non plus une \u00e9ducation s\u00e9v\u00e8re, m\u00eame si on sait qu&rsquo;il y a des limites. Bref, c&rsquo;est notre affaire de parents, mais si cela continue, on imagine d\u00e9j\u00e0 comment cela se passera plus tard. N&#8217;emp\u00eache, comme elle comprend de mieux en mieux, bien des pleurs sont calm\u00e9s par la parole et l&rsquo;explication. Dans tous les cas, les repas se passent bien ce qui est d\u00e9j\u00e0 bien appr\u00e9ci\u00e9, tout comme les mises au lit qui se font sans probl\u00e8me. 20h00, 20h30, c&rsquo;est le couvre feu.<\/p>\n<p><a href=\"http:\/\/www.mininous.fr\/wp-content\/media\/imgp4273.jpg\" title=\"imgp4273.jpg\"><img src=\"http:\/\/www.mininous.fr\/wp-content\/media\/imgp4273.thumbnail.jpg\" alt=\"imgp4273.jpg\" \/><\/a><\/p>\n<p><a href=\"http:\/\/www.mininous.fr\/wp-content\/media\/imgp4276.jpg\" title=\"imgp4276.jpg\"><img src=\"http:\/\/www.mininous.fr\/wp-content\/media\/imgp4276.thumbnail.jpg\" alt=\"imgp4276.jpg\" \/><\/a> <a href=\"http:\/\/www.mininous.fr\/wp-content\/media\/imgp4288.jpg\" title=\"imgp4288.jpg\"><img src=\"http:\/\/www.mininous.fr\/wp-content\/media\/imgp4288.thumbnail.jpg\" alt=\"imgp4288.jpg\" \/><\/a><\/p>\n<p><a href=\"http:\/\/www.mininous.fr\/wp-content\/media\/imgp4295.jpg\" title=\"imgp4295.jpg\"><img src=\"http:\/\/www.mininous.fr\/wp-content\/media\/imgp4295.thumbnail.jpg\" alt=\"imgp4295.jpg\" \/><\/a> Narines de folie!!!<a href=\"http:\/\/www.mininous.fr\/wp-content\/media\/imgp4295.jpg\" title=\"imgp4295.jpg\"> <\/a><\/p>\n<p><a href=\"http:\/\/www.mininous.fr\/wp-content\/media\/imgp4262.jpg\" title=\"imgp4262.jpg\"><img src=\"http:\/\/www.mininous.fr\/wp-content\/media\/imgp4262.thumbnail.jpg\" alt=\"imgp4262.jpg\" \/><\/a> Apr\u00e8s le <a href=\"http:\/\/www.mininous.fr\/?p=121\" target=\"_blank\">drap de bain \u00e0 son nom<\/a>, le peignoir.<\/p>\n<p>Enfin, dans ce week-end, Elisabeth nous a gratifi\u00e9\u00a0 d&rsquo;un r\u00e9veil \u00e0 8h30. De plus, elle a pris son biberon dans le lit de papa et maman devant un dessin anim\u00e9. Garfield pendant 5 minutes et pour la premi\u00e8re fois, elle a reconnu un chat et un chien \u00ab\u00a0zanim\u00e9s\u00a0\u00bb! La t\u00e9l\u00e9 reste g\u00e9n\u00e9ralement \u00e9teinte pendant tous les moments durant lesquels Elisabeth est \u00e9veill\u00e9e, pour plusieurs raisons: 1\/ \u00ab\u00a0Lucarne abrutissante\u00a0\u00bb (expression familiale c\u00f4t\u00e9 Alex ), 2\/ Elle a largement le temps de la d\u00e9couvrir (surtout si c&rsquo;est pour que nous, les parents, nous ne puissions plus regarder ce que l&rsquo;on souhaite) 3\/ A quoi bon l&rsquo;allumer alors qu&rsquo;on ne pourra pas l&rsquo;\u00e9couter? 4\/ \u00e9cran trop grand pour une toute pitite fille. Bref, esp\u00e9rons que cela tienne. On reste conscient qu&rsquo;elle ne pourra pas passer \u00e0 c\u00f4t\u00e9 et que cela nous arrangera bien quand m\u00eame!<\/p>\n","protected":false},"excerpt":{"rendered":"<p>Lors d&rsquo;une petite s\u00e9ance photo dans la salle de bain, Elisabeth nous a paru bien chang\u00e9e! On peut constater un changement physique mais aussi dans son comportement. Une vraie \u00ab\u00a0jeune fille\u00a0\u00bb!<\/p>\n","protected":false},"author":1,"featured_media":0,"comment_status":"open","ping_status":"open","sticky":false,"template":"","format":"standard","meta":[],"categories":[13],"tags":[7,10,12],"_links":{"self":[{"href":"https:\/\/www.mininous.fr\/index.php?rest_route=\/wp\/v2\/posts\/970"}],"collection":[{"href":"https:\/\/www.mininous.fr\/index.php?rest_route=\/wp\/v2\/posts"}],"about":[{"href":"https:\/\/www.mininous.fr\/index.php?rest_route=\/wp\/v2\/types\/post"}],"author":[{"embeddable":true,"href":"https:\/\/www.mininous.fr\/index.php?rest_route=\/wp\/v2\/users\/1"}],"replies":[{"embeddable":true,"href":"https:\/\/www.mininous.fr\/index.php?rest_route=%2Fwp%2Fv2%2Fcomments&post=970"}],"version-history":[{"count":0,"href":"https:\/\/www.mininous.fr\/index.php?rest_route=\/wp\/v2\/posts\/970\/revisions"}],"wp:attachment":[{"href":"https:\/\/www.mininous.fr\/index.php?rest_route=%2Fwp%2Fv2%2Fmedia&parent=970"}],"wp:term":[{"taxonomy":"category","embeddable":true,"href":"https:\/\/www.mininous.fr\/index.php?rest_route=%2Fwp%2Fv2%2Fcategories&post=970"},{"taxonomy":"post_tag","embeddable":true,"href":"https:\/\/www.mininous.fr\/index.php?rest_route=%2Fwp%2Fv2%2Ftags&post=970"}],"curies":[{"name":"wp","href":"https:\/\/api.w.org\/{rel}","templated":true}]}}