{"id":977,"date":"2010-02-07T19:34:21","date_gmt":"2010-02-07T19:34:21","guid":{"rendered":"http:\/\/www.mininous.fr\/?p=977"},"modified":"2010-02-07T19:38:22","modified_gmt":"2010-02-07T19:38:22","slug":"fidel-gastro","status":"publish","type":"post","link":"https:\/\/www.mininous.fr\/?p=977","title":{"rendered":"Fidel gastro"},"content":{"rendered":"<p><img loading=\"lazy\" src=\"http:\/\/www.mininous.fr\/wp-content\/media\/sante1.jpg\" alt=\"sante1.jpg\" height=\"309\" width=\"249\" \/><\/p>\n<p>Et oui, Elisabeth, \u00e0 l&rsquo;image d&rsquo;un certain personnage cubain, n&rsquo;est pas tr\u00e8s en forme.<\/p>\n<p><!--more--><\/p>\n<p>Tout \u00e0 commenc\u00e9 jeudi apr\u00e8s le go\u00fbter, lorsque la nounou a appel\u00e9 Alexandra, pour lui signaler qu&rsquo;\u00c9lisabeth avait vomi et qu&rsquo;il fallait venir la chercher. Apr\u00e8s une nuit agit\u00e9e entre jeudi et vendredi, notre Mininous a pass\u00e9 la journ\u00e9e chez mes parents. Avec un rhume, une toux bien grasse, diarrh\u00e9e\u00a0 et naus\u00e9e, elle \u00e9tait bien affaiblie. Apr\u00e8s une deuxi\u00e8me nuit encore plus catastrophique, nous l&rsquo;avons amen\u00e9 chez le p\u00e9diatre. Le bilan \u00e9tait pr\u00e9visible, une gastro carabin\u00e9e, avec perte de poids et une perte totale d&rsquo;\u00e9nergie.<\/p>\n<p>La nuit de samedi \u00e0 dimanche a \u00e9t\u00e9 bonne mais c&rsquo;est au r\u00e9veil que le mal a repris le dessus. L&rsquo;app\u00e9tit n&rsquo;est toujours pas revenu alors il faut forcer les choses pour essayer qu&rsquo;elle se r\u00e9tablisse au plus vite&#8230;<\/p>\n<p>Tout cela n&rsquo;a rien d&rsquo;exceptionnel, sauf que c&rsquo;est la premi\u00e8re fois qu&rsquo;elle est vraiment malade.<\/p>\n<p>Depuis, c&rsquo;est moi qui suis malade, seule Alex r\u00e9siste!<\/p>\n","protected":false},"excerpt":{"rendered":"<p>Et oui, Elisabeth, \u00e0 l&rsquo;image d&rsquo;un certain personnage cubain, n&rsquo;est pas tr\u00e8s en forme.<\/p>\n","protected":false},"author":1,"featured_media":0,"comment_status":"open","ping_status":"open","sticky":false,"template":"","format":"standard","meta":[],"categories":[13],"tags":[10,14],"_links":{"self":[{"href":"https:\/\/www.mininous.fr\/index.php?rest_route=\/wp\/v2\/posts\/977"}],"collection":[{"href":"https:\/\/www.mininous.fr\/index.php?rest_route=\/wp\/v2\/posts"}],"about":[{"href":"https:\/\/www.mininous.fr\/index.php?rest_route=\/wp\/v2\/types\/post"}],"author":[{"embeddable":true,"href":"https:\/\/www.mininous.fr\/index.php?rest_route=\/wp\/v2\/users\/1"}],"replies":[{"embeddable":true,"href":"https:\/\/www.mininous.fr\/index.php?rest_route=%2Fwp%2Fv2%2Fcomments&post=977"}],"version-history":[{"count":0,"href":"https:\/\/www.mininous.fr\/index.php?rest_route=\/wp\/v2\/posts\/977\/revisions"}],"wp:attachment":[{"href":"https:\/\/www.mininous.fr\/index.php?rest_route=%2Fwp%2Fv2%2Fmedia&parent=977"}],"wp:term":[{"taxonomy":"category","embeddable":true,"href":"https:\/\/www.mininous.fr\/index.php?rest_route=%2Fwp%2Fv2%2Fcategories&post=977"},{"taxonomy":"post_tag","embeddable":true,"href":"https:\/\/www.mininous.fr\/index.php?rest_route=%2Fwp%2Fv2%2Ftags&post=977"}],"curies":[{"name":"wp","href":"https:\/\/api.w.org\/{rel}","templated":true}]}}