{"id":979,"date":"2010-02-09T21:02:46","date_gmt":"2010-02-09T21:02:46","guid":{"rendered":"http:\/\/www.mininous.fr\/?p=979"},"modified":"2010-02-09T21:18:19","modified_gmt":"2010-02-09T21:18:19","slug":"grand-moment-de-solitude-ou-chui-super-content","status":"publish","type":"post","link":"https:\/\/www.mininous.fr\/?p=979","title":{"rendered":"Grand moment de solitude ou \u00ab\u00a0chui super content\u00a0\u00bb!"},"content":{"rendered":"<p><img loading=\"lazy\" src=\"http:\/\/www.mininous.fr\/wp-content\/media\/content1.jpg\" alt=\"content1.jpg\" height=\"433\" width=\"500\" \/><\/p>\n<p>Elisabeth est toujours malade&#8230;<!--more--><\/p>\n<p>On a revu le p\u00e9diatre, demain on fait une radio des poumons au cas o\u00f9 le probl\u00e8me vienne de sa gorge qui est prise depuis plus d&rsquo;une semaine maintenant.<\/p>\n<p>En effet ses sympt\u00f4mes d\u00e9passent la simple gastro&#8230; elle n&rsquo;a toujours pas retrouv\u00e9 son app\u00e9tit et elle vomi m\u00eame quand elle prend des m\u00e9dicaments.<\/p>\n<p>De plus elle a eu 39,8\u00b0C ce soir alors qu&rsquo;elle n&rsquo;avait pas eu de fi\u00e8vre depuis qu&rsquo;elle a la naus\u00e9e (jeudi).<\/p>\n<p>Le blog est fait pour mettre de jolies photos de la miss et raconter des choses rigolotes mais l\u00e0 on vire dans le \u00ab\u00a0beurk\u00a0\u00bb!<\/p>\n<p>Alors pour r\u00e9sumer je dirai que j&rsquo;ai v\u00e9cu un tr\u00e8s grand moment de solitude ce soir apr\u00e8s 2 changements de v\u00eatements post-bain (le Doliprane en sirop n&rsquo;avait pas eu bon effet, on l&rsquo;a donc finalement administr\u00e9 en suppo).<\/p>\n<p>Elle \u00e9tait sur mes genoux, je lisais tranquillement la notice d&rsquo;un nouveau m\u00e9dicament, quand elle s&rsquo;est mise \u00e0 vomir longuement sur moi. (oui \u00e7a m&rsquo;a sembl\u00e9 vraiment long comme moment! long, chaud et naus\u00e9abond mais j&rsquo;arr\u00eate l\u00e0 les d\u00e9tails, je fais soft&#8230;) Denis, en voyant \u00e7a, n&rsquo;a pas pu se retenir d&rsquo;en faire autant (sauf que lui est parti se cacher mais je l&rsquo;ai vu en reflet de la fen\u00eatre!) Bon pr\u00e9cisons que Denis aussi est malade depuis dimanche il avait les sympt\u00f4mes d&rsquo;une gastro qui s&rsquo;av\u00e8re \u00eatre apr\u00e8s visite chez le doc comme \u00e9tant une otite-sinusite-rhino (bien s\u00fbr c&rsquo;est logique!)<\/p>\n<p>Bref, je vous laisse imaginer la sc\u00e8ne tragi-comique o\u00f9 je me suis entendu dire d&rsquo;un c\u00f4t\u00e9: \u00ab\u00a0je me sens seule\u00a0\u00bb et de l&rsquo;autre \u00ab\u00a0tout va bien, c&rsquo;est pas grave\u00a0\u00bb \u00e0 Elisabeth!<\/p>\n<p>J&rsquo;aurais pu sombrer dans la facilit\u00e9, me mettre \u00e0 faire pareil, mais c&rsquo;est pas Cali qui allait g\u00e9rer la situation \u00e0 ce moment l\u00e0 et prendre les choses en patte!<\/p>\n<p>Comme anecdote \u00e0 propos de ces derniers jours il y a aussi le petit pyjama blanc qui n&rsquo;a vraiment pas de chance ces temps-ci, \u00e0 chaque fois que je lui mets il ne reste jamais propre bien longtemps! (en clair depuis quelques jours il en prend plein la tronche!) Sp\u00e9ciale d\u00e9dicace aussi \u00e0 mon fid\u00e8le alli\u00e9 le lave-linge qui malgr\u00e9 sa d\u00e9cennie a suivi le rythme soutenu vu les circonstances et redonne vie au brave petit pyjama blanc notamment!!!<\/p>\n<p>Et oui c&rsquo;est pas super comme nouvelles, en tout cas on fait le maximum pour que Mininous retrouve la forme olympique qu&rsquo;on lui connait, et si \u00e7a ne va toujours pas mieux on ira consulter un autre p\u00e9diatre.<\/p>\n<p>Quand \u00e0 moi je tiens le coup face \u00e0 ces petites natures \ud83d\ude09 et j&rsquo;esp\u00e8re ne pas finir par sombrer du c\u00f4t\u00e9 obscur de la Force!!!<\/p>\n","protected":false},"excerpt":{"rendered":"<p>Elisabeth est toujours malade&#8230;<\/p>\n","protected":false},"author":2,"featured_media":0,"comment_status":"open","ping_status":"open","sticky":false,"template":"","format":"standard","meta":[],"categories":[13],"tags":[8,14],"_links":{"self":[{"href":"https:\/\/www.mininous.fr\/index.php?rest_route=\/wp\/v2\/posts\/979"}],"collection":[{"href":"https:\/\/www.mininous.fr\/index.php?rest_route=\/wp\/v2\/posts"}],"about":[{"href":"https:\/\/www.mininous.fr\/index.php?rest_route=\/wp\/v2\/types\/post"}],"author":[{"embeddable":true,"href":"https:\/\/www.mininous.fr\/index.php?rest_route=\/wp\/v2\/users\/2"}],"replies":[{"embeddable":true,"href":"https:\/\/www.mininous.fr\/index.php?rest_route=%2Fwp%2Fv2%2Fcomments&post=979"}],"version-history":[{"count":0,"href":"https:\/\/www.mininous.fr\/index.php?rest_route=\/wp\/v2\/posts\/979\/revisions"}],"wp:attachment":[{"href":"https:\/\/www.mininous.fr\/index.php?rest_route=%2Fwp%2Fv2%2Fmedia&parent=979"}],"wp:term":[{"taxonomy":"category","embeddable":true,"href":"https:\/\/www.mininous.fr\/index.php?rest_route=%2Fwp%2Fv2%2Fcategories&post=979"},{"taxonomy":"post_tag","embeddable":true,"href":"https:\/\/www.mininous.fr\/index.php?rest_route=%2Fwp%2Fv2%2Ftags&post=979"}],"curies":[{"name":"wp","href":"https:\/\/api.w.org\/{rel}","templated":true}]}}