{"id":983,"date":"2010-02-19T21:18:06","date_gmt":"2010-02-19T21:18:06","guid":{"rendered":"http:\/\/www.mininous.fr\/?p=983"},"modified":"2010-02-19T21:18:06","modified_gmt":"2010-02-19T21:18:06","slug":"elisabeth-fait-son-cinema","status":"publish","type":"post","link":"https:\/\/www.mininous.fr\/?p=983","title":{"rendered":"Elisabeth fait son cin\u00e9ma"},"content":{"rendered":"<p><img loading=\"lazy\" src=\"http:\/\/www.mininous.fr\/wp-content\/media\/imgp4348.jpg\" alt=\"imgp4348.jpg\" height=\"410\" width=\"500\" \/><!--more--> <a href=\"http:\/\/www.mininous.fr\/wp-content\/media\/imgp4347.jpg\" title=\"imgp4347.jpg\"><img src=\"http:\/\/www.mininous.fr\/wp-content\/media\/imgp4347.thumbnail.jpg\" alt=\"imgp4347.jpg\" \/><\/a><a href=\"http:\/\/www.mininous.fr\/wp-content\/media\/imgp4346.jpg\" title=\"imgp4346.jpg\"><img src=\"http:\/\/www.mininous.fr\/wp-content\/media\/imgp4346.thumbnail.jpg\" alt=\"imgp4346.jpg\" \/><\/a><a href=\"http:\/\/www.mininous.fr\/wp-content\/media\/imgp4356.jpg\" title=\"imgp4356.jpg\"><img src=\"http:\/\/www.mininous.fr\/wp-content\/media\/imgp4356.thumbnail.jpg\" alt=\"imgp4356.jpg\" \/><\/a><\/p>\n<p>Petite mignonne le jour&#8230; petit d\u00e9mon la nuit:<\/p>\n<p>Apr\u00e8s les 8 jours de gastro: ambiance naus\u00e9es, refus de se nourrir et \u00ab\u00a0comatages\u00a0\u00bb, voici qu&rsquo;elle semble adopter un style vie radicalement diff\u00e9rent: app\u00e9tit insatiable , se r\u00e9veille en pleine nuit et ne veut plus se rendormir&#8230;\u00a0 elle nous fait le coup depuis plusieurs nuits, j&rsquo;ai beaucoup beaucoup BEAUCOUP de mal! (pour faire court&#8230;)<\/p>\n<p>exemples de cette semaine: r\u00e9veil \u00e0 5h45 et pas rendormie ou la nuit derni\u00e8re: r\u00e9veill\u00e9e et pleurant\/criant de 1h30 \u00e0 4h30 avec quelques courtes pauses&#8230; bref c&rsquo;\u00e9tait insupportable!<\/p>\n<p>Le semaine derni\u00e8re nous \u00e9tions tr\u00e8s inquiets de sa sant\u00e9, cette semaine, nous sommes priv\u00e9s d&rsquo;une vraie nuit&#8230;<\/p>\n<p>Quelle sera la phase suivante d&rsquo;Elisabeth? esp\u00e9rons qu&rsquo;elle nous donne un peu de r\u00e9pit pour reprendre des forces pour la prochaine \u00e9tape&#8230;<\/p>\n<p><a href=\"http:\/\/www.mininous.fr\/wp-content\/media\/imgp4362.jpg\" title=\"imgp4362.jpg\"><img src=\"http:\/\/www.mininous.fr\/wp-content\/media\/imgp4362.thumbnail.jpg\" alt=\"imgp4362.jpg\" \/><\/a><\/p>\n<p>En bonus: une photo prise en d\u00e9but de mois par Sylvie.<\/p>\n<p><a href=\"http:\/\/www.mininous.fr\/wp-content\/media\/repasbouscat-22.jpg\" title=\"repasbouscat-22.jpg\"><img src=\"http:\/\/www.mininous.fr\/wp-content\/media\/repasbouscat-22.thumbnail.jpg\" alt=\"repasbouscat-22.jpg\" \/><\/a><\/p>\n","protected":false},"excerpt":{"rendered":"","protected":false},"author":2,"featured_media":0,"comment_status":"open","ping_status":"open","sticky":false,"template":"","format":"standard","meta":[],"categories":[13],"tags":[14,18,12],"_links":{"self":[{"href":"https:\/\/www.mininous.fr\/index.php?rest_route=\/wp\/v2\/posts\/983"}],"collection":[{"href":"https:\/\/www.mininous.fr\/index.php?rest_route=\/wp\/v2\/posts"}],"about":[{"href":"https:\/\/www.mininous.fr\/index.php?rest_route=\/wp\/v2\/types\/post"}],"author":[{"embeddable":true,"href":"https:\/\/www.mininous.fr\/index.php?rest_route=\/wp\/v2\/users\/2"}],"replies":[{"embeddable":true,"href":"https:\/\/www.mininous.fr\/index.php?rest_route=%2Fwp%2Fv2%2Fcomments&post=983"}],"version-history":[{"count":0,"href":"https:\/\/www.mininous.fr\/index.php?rest_route=\/wp\/v2\/posts\/983\/revisions"}],"wp:attachment":[{"href":"https:\/\/www.mininous.fr\/index.php?rest_route=%2Fwp%2Fv2%2Fmedia&parent=983"}],"wp:term":[{"taxonomy":"category","embeddable":true,"href":"https:\/\/www.mininous.fr\/index.php?rest_route=%2Fwp%2Fv2%2Fcategories&post=983"},{"taxonomy":"post_tag","embeddable":true,"href":"https:\/\/www.mininous.fr\/index.php?rest_route=%2Fwp%2Fv2%2Ftags&post=983"}],"curies":[{"name":"wp","href":"https:\/\/api.w.org\/{rel}","templated":true}]}}